{"id":1255,"date":"2018-09-21T10:34:00","date_gmt":"2018-09-21T13:34:00","guid":{"rendered":"http:\/\/blogdoedvaldomagalhaes.com.br\/index.php\/2018\/09\/21\/menor-apreendido-acusado-de-tentativa\/"},"modified":"2019-02-09T02:31:44","modified_gmt":"2019-02-09T04:31:44","slug":"menor-apreendido-acusado-de-tentativa","status":"publish","type":"post","link":"https:\/\/blogdoedvaldomagalhaes.com.br\/index.php\/2018\/09\/21\/menor-apreendido-acusado-de-tentativa\/","title":{"rendered":"Menor apreendido acusado de tentativa de homic\u00eddio em Caruaru"},"content":{"rendered":"<div class=\"separator\" style=\"clear: both; text-align: center;\">\n<a href=\"https:\/\/4.bp.blogspot.com\/-yycsc9YetQc\/W6TI2Hvu7PI\/AAAAAAAA6XE\/nkm-lntggXsd62R0WTL81vJDQ79Akey5gCLcBGAs\/s1600\/pm.jpg\" imageanchor=\"1\" style=\"margin-left: 1em; margin-right: 1em;\"><img loading=\"lazy\" decoding=\"async\" border=\"0\" data-original-height=\"186\" data-original-width=\"280\" height=\"422\" src=\"http:\/\/blogdoedvaldomagalhaes.com.br\/wp-content\/uploads\/2018\/09\/pm-2.jpg\" width=\"640\" \/><\/a><\/div>\n<div class=\"separator\" style=\"clear: both; text-align: center;\">\nFoto: PMPE\/Divulga\u00e7\u00e3o<\/div>\n<div style=\"background-color: white; margin-bottom: 6px; margin-top: 6px; text-align: justify;\">\n<\/div>\n<div style=\"background-color: white; margin-bottom: 6px; margin-top: 6px; text-align: justify;\">\nNa tarde desta quinta-feira (20), o Sargento Valter e os soldados Feliciano e Kleber da ROCAM, estavam realizando rondas no bairro Jo\u00e3o Mota, mais precisamente na Rua Santo Agostinho, quando perceberam uma movimenta\u00e7\u00e3o estranha e ao se aproximarem verificamos que um adolescente de 14 anos puxou uma faca da cintura e come\u00e7ou desferir golpes contra um cidad\u00e3o que seguia para o trabalho, momento este que a equipe&nbsp;interviu na situa\u00e7\u00e3o tomando a faca dele o imobilizando, e foi verificado que estava com outra faca da cintura, que tentou puxar quando estava sendo imobilizado, mas foi devidamente contido, sendo usada for\u00e7a necess\u00e1ria.<\/div>\n<div class=\"text_exposed_show\" style=\"background-color: white; display: inline;\">\n<div style=\"margin-bottom: 6px; text-align: justify;\">\nOs policiais foram informados pela v\u00edtima que n\u00e3o conhece o menor infrator e que ele simplesmente partiu para cima dele, por motivo algum, ainda ferindo o cidad\u00e3o na face direita de rasp\u00e3o. Ao fazermos uma busca foi verificado que havia em desfavor do menor um mandado de busca e apreens\u00e3o, pois ele tem passagem por roubo.<\/div>\n<div style=\"margin-bottom: 6px; margin-top: 6px; text-align: justify;\">\nDiante da situa\u00e7\u00e3o o adolescente foi conduzido \u00e0 DP para serem tomadas \u00e0s medidas cab\u00edveis. O menor foi autuado em flagrante pelo ato infracional de tentativa de homic\u00eddio e foi recolhido a Funase.&nbsp;<\/div>\n<div style=\"margin-bottom: 6px; margin-top: 6px; text-align: justify;\">\nInforma\u00e7\u00f5es da Pol\u00edcia Militar.<\/div>\n<\/div>\n","protected":false},"excerpt":{"rendered":"<p>Foto: PMPE\/Divulga\u00e7\u00e3o Na tarde desta quinta-feira (20), o Sargento Valter e os soldados Feliciano e Kleber da ROCAM, estavam realizando&hellip;<\/p>\n","protected":false},"author":1,"featured_media":0,"comment_status":"open","ping_status":"open","sticky":false,"template":"","format":"standard","meta":{"footnotes":""},"categories":[1],"tags":[2,1212,13],"class_list":["post-1255","post","type-post","status-publish","format-standard","hentry","category-sem-categoria","tag-blog-do-edvaldo-magalhaes","tag-menor-apreendido-acusado-de-tentativa-de-homicidio-em-caruaru","tag-policial"],"_links":{"self":[{"href":"https:\/\/blogdoedvaldomagalhaes.com.br\/index.php\/wp-json\/wp\/v2\/posts\/1255","targetHints":{"allow":["GET"]}}],"collection":[{"href":"https:\/\/blogdoedvaldomagalhaes.com.br\/index.php\/wp-json\/wp\/v2\/posts"}],"about":[{"href":"https:\/\/blogdoedvaldomagalhaes.com.br\/index.php\/wp-json\/wp\/v2\/types\/post"}],"author":[{"embeddable":true,"href":"https:\/\/blogdoedvaldomagalhaes.com.br\/index.php\/wp-json\/wp\/v2\/users\/1"}],"replies":[{"embeddable":true,"href":"https:\/\/blogdoedvaldomagalhaes.com.br\/index.php\/wp-json\/wp\/v2\/comments?post=1255"}],"version-history":[{"count":1,"href":"https:\/\/blogdoedvaldomagalhaes.com.br\/index.php\/wp-json\/wp\/v2\/posts\/1255\/revisions"}],"predecessor-version":[{"id":34222,"href":"https:\/\/blogdoedvaldomagalhaes.com.br\/index.php\/wp-json\/wp\/v2\/posts\/1255\/revisions\/34222"}],"wp:attachment":[{"href":"https:\/\/blogdoedvaldomagalhaes.com.br\/index.php\/wp-json\/wp\/v2\/media?parent=1255"}],"wp:term":[{"taxonomy":"category","embeddable":true,"href":"https:\/\/blogdoedvaldomagalhaes.com.br\/index.php\/wp-json\/wp\/v2\/categories?post=1255"},{"taxonomy":"post_tag","embeddable":true,"href":"https:\/\/blogdoedvaldomagalhaes.com.br\/index.php\/wp-json\/wp\/v2\/tags?post=1255"}],"curies":[{"name":"wp","href":"https:\/\/api.w.org\/{rel}","templated":true}]}}