{"id":1254,"date":"2018-09-21T14:11:00","date_gmt":"2018-09-21T17:11:00","guid":{"rendered":"http:\/\/blogdoedvaldomagalhaes.com.br\/index.php\/2018\/09\/21\/homicidio-morre-no-hra-ajudante-de\/"},"modified":"2019-02-09T02:31:44","modified_gmt":"2019-02-09T04:31:44","slug":"homicidio-morre-no-hra-ajudante-de","status":"publish","type":"post","link":"https:\/\/blogdoedvaldomagalhaes.com.br\/index.php\/2018\/09\/21\/homicidio-morre-no-hra-ajudante-de\/","title":{"rendered":"Homic\u00eddio: Morre no HRA ajudante de pedreiro baleado em Caruaru"},"content":{"rendered":"<div class=\"separator\" style=\"clear: both; text-align: center;\">\n<a href=\"https:\/\/4.bp.blogspot.com\/-GCL-mfPApto\/W6T6TIol9PI\/AAAAAAAA6XU\/U1mlY-eZOGIahK0U56lRXCMUz7D69LQCACLcBGAs\/s1600\/IMG_20180910_085037_179.jpg\" imageanchor=\"1\" style=\"margin-left: 1em; margin-right: 1em;\"><img loading=\"lazy\" decoding=\"async\" border=\"0\" data-original-height=\"360\" data-original-width=\"618\" height=\"372\" src=\"http:\/\/blogdoedvaldomagalhaes.com.br\/wp-content\/uploads\/2018\/09\/IMG_20180910_085037_179-1.jpg\" width=\"640\" \/><\/a><\/div>\n<p><\/p>\n<div style=\"text-align: justify;\">\n<div style=\"background-color: white; box-sizing: border-box; line-height: 24px; margin-bottom: 10px;\">\nMorreu por volta das 05h da manh\u00e3 desta sexta-feira (21), no Hospital Regional do Agreste (HRA), Erivan dos Santos Silva, conhecido por Jaburu, de 35 anos de idade, solteiro.<\/div>\n<div style=\"background-color: white; box-sizing: border-box; line-height: 24px; margin-bottom: 10px;\">\nO ajudante de pedreiro foi baleado por volta das 23h dessa quinta-feira (20), na Rua Bag\u00e9, bairro Jo\u00e3o Mota. Ele estava em um espetinho quando foi surpreendido por ocupantes de um carro que efetuaram v\u00e1rios disparos de arma de fogo contra a v\u00edtima.<\/p>\n<div class=\"separator\" style=\"clear: both; text-align: center;\">\n<a href=\"https:\/\/1.bp.blogspot.com\/-HrKxbV2ecWo\/W6WCoiaMC8I\/AAAAAAAA6aY\/vH1RoSMqJdsbB7bD5qLoCEcjcG8E3g2oQCLcBGAs\/s1600\/sim.jpg\" imageanchor=\"1\" style=\"margin-left: 1em; margin-right: 1em;\"><img loading=\"lazy\" decoding=\"async\" border=\"0\" data-original-height=\"293\" data-original-width=\"293\" height=\"640\" src=\"http:\/\/blogdoedvaldomagalhaes.com.br\/wp-content\/uploads\/2018\/09\/sim-1.jpg\" width=\"640\" \/><\/a><\/div>\n<p><\/div>\n<div style=\"background-color: white; box-sizing: border-box; line-height: 24px; margin-bottom: 10px;\">\nO corpo foi encaminhado para o Instituto M\u00e9dico Legal (IML). Com este homic\u00eddio, sobe para 7 o n\u00famero de pessoas assassinadas no m\u00eas de setembro em Caruaru e para 124 no ano.<\/div>\n<div class=\"separator\" style=\"clear: both; text-align: center;\">\n<\/div>\n<\/div>\n","protected":false},"excerpt":{"rendered":"<p>Morreu por volta das 05h da manh\u00e3 desta sexta-feira (21), no Hospital Regional do Agreste (HRA), Erivan dos Santos Silva,&hellip;<\/p>\n","protected":false},"author":1,"featured_media":0,"comment_status":"open","ping_status":"open","sticky":false,"template":"","format":"standard","meta":{"footnotes":""},"categories":[1],"tags":[2,1211,13],"class_list":["post-1254","post","type-post","status-publish","format-standard","hentry","category-sem-categoria","tag-blog-do-edvaldo-magalhaes","tag-homicidio-morre-no-hra-ajudante-de-pedreiro-baleado-em-caruaru","tag-policial"],"_links":{"self":[{"href":"https:\/\/blogdoedvaldomagalhaes.com.br\/index.php\/wp-json\/wp\/v2\/posts\/1254","targetHints":{"allow":["GET"]}}],"collection":[{"href":"https:\/\/blogdoedvaldomagalhaes.com.br\/index.php\/wp-json\/wp\/v2\/posts"}],"about":[{"href":"https:\/\/blogdoedvaldomagalhaes.com.br\/index.php\/wp-json\/wp\/v2\/types\/post"}],"author":[{"embeddable":true,"href":"https:\/\/blogdoedvaldomagalhaes.com.br\/index.php\/wp-json\/wp\/v2\/users\/1"}],"replies":[{"embeddable":true,"href":"https:\/\/blogdoedvaldomagalhaes.com.br\/index.php\/wp-json\/wp\/v2\/comments?post=1254"}],"version-history":[{"count":1,"href":"https:\/\/blogdoedvaldomagalhaes.com.br\/index.php\/wp-json\/wp\/v2\/posts\/1254\/revisions"}],"predecessor-version":[{"id":34225,"href":"https:\/\/blogdoedvaldomagalhaes.com.br\/index.php\/wp-json\/wp\/v2\/posts\/1254\/revisions\/34225"}],"wp:attachment":[{"href":"https:\/\/blogdoedvaldomagalhaes.com.br\/index.php\/wp-json\/wp\/v2\/media?parent=1254"}],"wp:term":[{"taxonomy":"category","embeddable":true,"href":"https:\/\/blogdoedvaldomagalhaes.com.br\/index.php\/wp-json\/wp\/v2\/categories?post=1254"},{"taxonomy":"post_tag","embeddable":true,"href":"https:\/\/blogdoedvaldomagalhaes.com.br\/index.php\/wp-json\/wp\/v2\/tags?post=1254"}],"curies":[{"name":"wp","href":"https:\/\/api.w.org\/{rel}","templated":true}]}}