{"id":1253,"date":"2018-09-21T15:42:00","date_gmt":"2018-09-21T18:42:00","guid":{"rendered":"http:\/\/blogdoedvaldomagalhaes.com.br\/index.php\/2018\/09\/21\/dia-mundial-do-alzheimer-alerta-sobre\/"},"modified":"2019-02-09T02:31:45","modified_gmt":"2019-02-09T04:31:45","slug":"dia-mundial-do-alzheimer-alerta-sobre","status":"publish","type":"post","link":"https:\/\/blogdoedvaldomagalhaes.com.br\/index.php\/2018\/09\/21\/dia-mundial-do-alzheimer-alerta-sobre\/","title":{"rendered":"Dia Mundial do Alzheimer alerta sobre conscientiza\u00e7\u00e3o e apoio familiar"},"content":{"rendered":"<div class=\"separator\" style=\"clear: both; text-align: center;\">\n<a href=\"https:\/\/2.bp.blogspot.com\/-WyQF-CHyea8\/W6UQaEeHw-I\/AAAAAAAA6X0\/Opr1990gTYEGJRp55vsoaEZNdWq6xB7yACLcBGAs\/s1600\/dia.jpg\" imageanchor=\"1\" style=\"margin-left: 1em; margin-right: 1em;\"><img loading=\"lazy\" decoding=\"async\" border=\"0\" data-original-height=\"482\" data-original-width=\"472\" height=\"640\" src=\"http:\/\/blogdoedvaldomagalhaes.com.br\/wp-content\/uploads\/2018\/09\/dia.jpg\" width=\"626\" \/><\/a><\/div>\n<div style=\"background-color: white; text-align: justify;\">\n<\/div>\n<div style=\"background-color: white; text-align: justify;\">\nSegundo proje\u00e7\u00e3o do Instituto Brasileiro de Geografia e Estat\u00edstica (IBGE), a popula\u00e7\u00e3o brasileira com mais de 60 anos deve mais que duplicar at\u00e9 2060. Hoje ela representa 13% do total de brasileiros e pode chegar at\u00e9 32%. Com o envelhecimento da popula\u00e7\u00e3o, entidades est\u00e3o refor\u00e7ando a import\u00e2ncia para discuss\u00e3o sobre o mal de Alzheimer, doen\u00e7a degenerativa do c\u00e9rebro que atinge pessoas com mais de 70 anos. \u00c9 por isso que a Associa\u00e7\u00e3o Brasileira de Alzheimer faz do dia mundial da doen\u00e7a de Alzheimer, comemorado hoje (21 de setembro), momento para conscientizar a popula\u00e7\u00e3o, entidades p\u00fablicas e privadas de sa\u00fade, para os cuidados e preven\u00e7\u00e3o da doen\u00e7a.<\/div>\n<div style=\"background-color: white; text-align: justify;\">\nO diagn\u00f3stico n\u00e3o \u00e9 simples, \u00e9 preciso descartar diagn\u00f3stico de outros tipos de dem\u00eancia, nome dado para as s\u00edndromes cerebrais degenerativas progressivas. A doen\u00e7a de Alzheimer est\u00e1 entre os tipos mais comuns de dem\u00eancia. \u201c\u00c9 preciso fazer uma s\u00e9rie de avalia\u00e7\u00f5es para ter o diagn\u00f3stico. \u00c9 preciso ser tamb\u00e9m respons\u00e1vel para dar o diagn\u00f3stico porque a doen\u00e7a n\u00e3o tem cura\u201d, disse o neurologista Paulo Henrique Fonseca. Ele explicou que a medica\u00e7\u00e3o vai tratar de sintomas espec\u00edficos, uma equipe multidisciplinar ajuda na qualidade de vida do paciente, mas o amor e o afeto s\u00e3o fundamentais para tornar mais lento o avan\u00e7o da doen\u00e7a.<\/div>\n<div style=\"background-color: white; text-align: justify;\">\nA doen\u00e7a de Alzheimer apresenta tr\u00eas fases: inicial, moderada e avan\u00e7ada. Altera\u00e7\u00e3o na mem\u00f3ria recente, sintomas depressivos s\u00e3o alguns sintomas do primeiro momento. A medida que a doen\u00e7a evolui, as perdas cognitivas aumentam e h\u00e1 a possibilidade de altera\u00e7\u00f5es no comportamento e piora na linguagem. Na fase avan\u00e7ada, o paciente j\u00e1 n\u00e3o reconhece as pessoas, n\u00e3o consegue andar ou se alimentar.&nbsp;<\/div>\n<div style=\"background-color: white; text-align: justify;\">\nSobre preven\u00e7\u00e3o, o neurologista Paulo Henrique Fonseca explicou que a doen\u00e7a de Alzheimer \u00e9 causada por uma intera\u00e7\u00e3o de fatores gen\u00e9ticos e do ambiente. As pessoas que t\u00eam parente de primeiro grau doente, t\u00eam mais chances de desenvolver a doen\u00e7a, mas os fatores ambientais s\u00e3o fundamentais, ou seja, \u201c ter estilo de vida mais saud\u00e1vel no que come, reduzindo o n\u00edvel de estresse, praticando atividade f\u00edsica, tudo isso reduz, substancialmente, o risco de desenvolver a doen\u00e7a\u201d, refor\u00e7ou.<\/div>\n","protected":false},"excerpt":{"rendered":"<p>Segundo proje\u00e7\u00e3o do Instituto Brasileiro de Geografia e Estat\u00edstica (IBGE), a popula\u00e7\u00e3o brasileira com mais de 60 anos deve mais&hellip;<\/p>\n","protected":false},"author":1,"featured_media":0,"comment_status":"open","ping_status":"open","sticky":false,"template":"","format":"standard","meta":{"footnotes":""},"categories":[1],"tags":[2,1210,6],"class_list":["post-1253","post","type-post","status-publish","format-standard","hentry","category-sem-categoria","tag-blog-do-edvaldo-magalhaes","tag-dia-mundial-do-alzheimer-alerta-sobre-conscientizacao-e-apoio-familiar","tag-noticias"],"_links":{"self":[{"href":"https:\/\/blogdoedvaldomagalhaes.com.br\/index.php\/wp-json\/wp\/v2\/posts\/1253","targetHints":{"allow":["GET"]}}],"collection":[{"href":"https:\/\/blogdoedvaldomagalhaes.com.br\/index.php\/wp-json\/wp\/v2\/posts"}],"about":[{"href":"https:\/\/blogdoedvaldomagalhaes.com.br\/index.php\/wp-json\/wp\/v2\/types\/post"}],"author":[{"embeddable":true,"href":"https:\/\/blogdoedvaldomagalhaes.com.br\/index.php\/wp-json\/wp\/v2\/users\/1"}],"replies":[{"embeddable":true,"href":"https:\/\/blogdoedvaldomagalhaes.com.br\/index.php\/wp-json\/wp\/v2\/comments?post=1253"}],"version-history":[{"count":1,"href":"https:\/\/blogdoedvaldomagalhaes.com.br\/index.php\/wp-json\/wp\/v2\/posts\/1253\/revisions"}],"predecessor-version":[{"id":34227,"href":"https:\/\/blogdoedvaldomagalhaes.com.br\/index.php\/wp-json\/wp\/v2\/posts\/1253\/revisions\/34227"}],"wp:attachment":[{"href":"https:\/\/blogdoedvaldomagalhaes.com.br\/index.php\/wp-json\/wp\/v2\/media?parent=1253"}],"wp:term":[{"taxonomy":"category","embeddable":true,"href":"https:\/\/blogdoedvaldomagalhaes.com.br\/index.php\/wp-json\/wp\/v2\/categories?post=1253"},{"taxonomy":"post_tag","embeddable":true,"href":"https:\/\/blogdoedvaldomagalhaes.com.br\/index.php\/wp-json\/wp\/v2\/tags?post=1253"}],"curies":[{"name":"wp","href":"https:\/\/api.w.org\/{rel}","templated":true}]}}