{"id":125215,"date":"2025-12-04T14:30:45","date_gmt":"2025-12-04T17:30:45","guid":{"rendered":"https:\/\/blogdoedvaldomagalhaes.com.br\/?p=125215"},"modified":"2025-12-04T14:30:45","modified_gmt":"2025-12-04T17:30:45","slug":"suspeito-de-fugir-apos-abastecer-moto-sem-pagar-e-detido-pela-prf","status":"publish","type":"post","link":"https:\/\/blogdoedvaldomagalhaes.com.br\/index.php\/2025\/12\/04\/suspeito-de-fugir-apos-abastecer-moto-sem-pagar-e-detido-pela-prf\/","title":{"rendered":"Suspeito de fugir ap\u00f3s abastecer moto sem pagar \u00e9 detido pela PRF"},"content":{"rendered":"<p>O condutor de uma motocicleta suspeito de abastecer o ve\u00edculo e n\u00e3o pagar foi detido, na quarta-feira (03.12), pela Pol\u00edcia Rodovi\u00e1ria Federal (PRF), na BR 110, em Sert\u00e2nia, no Sert\u00e3o pernambucano.<\/p>\n<p>Por volta das 17h20, a PRF recebeu a informa\u00e7\u00e3o de que um motociclista havia abastecido o ve\u00edculo em um posto de combust\u00edvel de Arcoverde e fugido sem pagar. Pouco depois, os policiais avistaram uma motocicleta suspeita e realizaram o acompanhamento e abordagem do ve\u00edculo, que saiu da BR 232 e acessou a BR 110.<br \/>\nDurante a abordagem, o condutor admitiu que havia fugido ap\u00f3s o frentista concluir o abastecimento da moto. Ele foi encaminhado \u00e0 Delegacia de Pol\u00edcia Civil de Sert\u00e2nia e poder\u00e1 responder pelo crime de furto. Foto: Divulga\u00e7\u00e3o\/PRF<br \/>\nSiga o Instagram @portaledvaldomagalhaes<\/p>\n","protected":false},"excerpt":{"rendered":"<p>O condutor de uma motocicleta suspeito de abastecer o ve\u00edculo e n\u00e3o pagar foi detido, na quarta-feira (03.12), pela Pol\u00edcia&hellip;<\/p>\n","protected":false},"author":1,"featured_media":125216,"comment_status":"closed","ping_status":"open","sticky":false,"template":"","format":"standard","meta":{"footnotes":""},"categories":[14121],"tags":[27410,13146,34634,8778,35412],"class_list":["post-125215","post","type-post","status-publish","format-standard","has-post-thumbnail","hentry","category-policial","tag-blog-de-caruaru","tag-blog-edvaldo-magalhaes","tag-portal-edvaldo-magalhaes","tag-sertania","tag-suspeito-de-fugir-apos-abastecer-moto-sem-pagar-e-detido-pela-prf"],"_links":{"self":[{"href":"https:\/\/blogdoedvaldomagalhaes.com.br\/index.php\/wp-json\/wp\/v2\/posts\/125215","targetHints":{"allow":["GET"]}}],"collection":[{"href":"https:\/\/blogdoedvaldomagalhaes.com.br\/index.php\/wp-json\/wp\/v2\/posts"}],"about":[{"href":"https:\/\/blogdoedvaldomagalhaes.com.br\/index.php\/wp-json\/wp\/v2\/types\/post"}],"author":[{"embeddable":true,"href":"https:\/\/blogdoedvaldomagalhaes.com.br\/index.php\/wp-json\/wp\/v2\/users\/1"}],"replies":[{"embeddable":true,"href":"https:\/\/blogdoedvaldomagalhaes.com.br\/index.php\/wp-json\/wp\/v2\/comments?post=125215"}],"version-history":[{"count":1,"href":"https:\/\/blogdoedvaldomagalhaes.com.br\/index.php\/wp-json\/wp\/v2\/posts\/125215\/revisions"}],"predecessor-version":[{"id":125217,"href":"https:\/\/blogdoedvaldomagalhaes.com.br\/index.php\/wp-json\/wp\/v2\/posts\/125215\/revisions\/125217"}],"wp:featuredmedia":[{"embeddable":true,"href":"https:\/\/blogdoedvaldomagalhaes.com.br\/index.php\/wp-json\/wp\/v2\/media\/125216"}],"wp:attachment":[{"href":"https:\/\/blogdoedvaldomagalhaes.com.br\/index.php\/wp-json\/wp\/v2\/media?parent=125215"}],"wp:term":[{"taxonomy":"category","embeddable":true,"href":"https:\/\/blogdoedvaldomagalhaes.com.br\/index.php\/wp-json\/wp\/v2\/categories?post=125215"},{"taxonomy":"post_tag","embeddable":true,"href":"https:\/\/blogdoedvaldomagalhaes.com.br\/index.php\/wp-json\/wp\/v2\/tags?post=125215"}],"curies":[{"name":"wp","href":"https:\/\/api.w.org\/{rel}","templated":true}]}}