{"id":125208,"date":"2025-12-03T21:27:48","date_gmt":"2025-12-04T00:27:48","guid":{"rendered":"https:\/\/blogdoedvaldomagalhaes.com.br\/?p=125208"},"modified":"2025-12-03T21:30:42","modified_gmt":"2025-12-04T00:30:42","slug":"prefeito-de-caruaru-anuncia-projetos-para-parque-18-de-maio-rua-duque-de-caxias-e-fabrica-de-chumbo-em-2026","status":"publish","type":"post","link":"https:\/\/blogdoedvaldomagalhaes.com.br\/index.php\/2025\/12\/03\/prefeito-de-caruaru-anuncia-projetos-para-parque-18-de-maio-rua-duque-de-caxias-e-fabrica-de-chumbo-em-2026\/","title":{"rendered":"Prefeito de Caruaru anuncia projetos para Parque 18 de Maio, Rua Duque de Caxias e F\u00e1brica de Chumbo em 2026"},"content":{"rendered":"<p>Em entrevista ao Programa Show da Liberdade da R\u00e1dio Liberdade 94,7 nesta quarta-feira (03), o prefeito de Caruaru, Rodrigo Pinheiro, fez um balan\u00e7o da gest\u00e3o em 2025, afirmando estar muito feliz pelas premia\u00e7\u00f5es que o munic\u00edpio recebeu. Ele destacou importantes a\u00e7\u00f5es nas \u00e1reas de Sa\u00fade e Educa\u00e7\u00e3o, al\u00e9m de outros setores.<\/p>\n<p>O prefeito anunciou melhoria para a Feira da Moda (antiga Feira da Sulanca), no Parque 18 de Maio, que ter\u00e1 mais investimentos em 2026 em parceria com o Governo do Estado. Pinheiro anunciou tamb\u00e9m um projeto de requalifica\u00e7\u00e3o da Rua Duque de Caxias no ano que vem.<br \/>\nSobre a reforma da UPA 24h do bairro Vassoural, o prefeito garantiu que a refor\u00e7a ser\u00e1 conclu\u00edda em breve e que no come\u00e7o de 2026 ser\u00e1 inaugurado no local o Complexo de Sa\u00fade, com amplos servi\u00e7os.<\/p>\n<p>Tamb\u00e9m para o ano que vem, Rodrigo Pinheiro anunciou, com exclusivamente, projeto para a F\u00e1brica de Chumbo e retomada de grande obra do canal da Vila Kennedy.<br \/>\nSiga o Instagram @portaledvaldomagalhaes<br \/>\nFoto: Cl\u00e1udio Jos\u00e9 <\/p>\n","protected":false},"excerpt":{"rendered":"<p>Em entrevista ao Programa Show da Liberdade da R\u00e1dio Liberdade 94,7 nesta quarta-feira (03), o prefeito de Caruaru, Rodrigo Pinheiro,&hellip;<\/p>\n","protected":false},"author":1,"featured_media":125209,"comment_status":"closed","ping_status":"open","sticky":false,"template":"","format":"standard","meta":{"footnotes":""},"categories":[14120],"tags":[13146,20,34634,35404,1766],"class_list":["post-125208","post","type-post","status-publish","format-standard","has-post-thumbnail","hentry","category-noticias","tag-blog-edvaldo-magalhaes","tag-politica","tag-portal-edvaldo-magalhaes","tag-prefeito-de-caruaru-anuncia-projetos-para-parque-18-de-maio-rua-duque-de-caxias-e-fabrica-de-chumbo-em-2026","tag-rodrigo-pinheiro"],"_links":{"self":[{"href":"https:\/\/blogdoedvaldomagalhaes.com.br\/index.php\/wp-json\/wp\/v2\/posts\/125208","targetHints":{"allow":["GET"]}}],"collection":[{"href":"https:\/\/blogdoedvaldomagalhaes.com.br\/index.php\/wp-json\/wp\/v2\/posts"}],"about":[{"href":"https:\/\/blogdoedvaldomagalhaes.com.br\/index.php\/wp-json\/wp\/v2\/types\/post"}],"author":[{"embeddable":true,"href":"https:\/\/blogdoedvaldomagalhaes.com.br\/index.php\/wp-json\/wp\/v2\/users\/1"}],"replies":[{"embeddable":true,"href":"https:\/\/blogdoedvaldomagalhaes.com.br\/index.php\/wp-json\/wp\/v2\/comments?post=125208"}],"version-history":[{"count":3,"href":"https:\/\/blogdoedvaldomagalhaes.com.br\/index.php\/wp-json\/wp\/v2\/posts\/125208\/revisions"}],"predecessor-version":[{"id":125213,"href":"https:\/\/blogdoedvaldomagalhaes.com.br\/index.php\/wp-json\/wp\/v2\/posts\/125208\/revisions\/125213"}],"wp:featuredmedia":[{"embeddable":true,"href":"https:\/\/blogdoedvaldomagalhaes.com.br\/index.php\/wp-json\/wp\/v2\/media\/125209"}],"wp:attachment":[{"href":"https:\/\/blogdoedvaldomagalhaes.com.br\/index.php\/wp-json\/wp\/v2\/media?parent=125208"}],"wp:term":[{"taxonomy":"category","embeddable":true,"href":"https:\/\/blogdoedvaldomagalhaes.com.br\/index.php\/wp-json\/wp\/v2\/categories?post=125208"},{"taxonomy":"post_tag","embeddable":true,"href":"https:\/\/blogdoedvaldomagalhaes.com.br\/index.php\/wp-json\/wp\/v2\/tags?post=125208"}],"curies":[{"name":"wp","href":"https:\/\/api.w.org\/{rel}","templated":true}]}}