{"id":1252,"date":"2018-09-21T15:45:00","date_gmt":"2018-09-21T18:45:00","guid":{"rendered":"http:\/\/blogdoedvaldomagalhaes.com.br\/index.php\/2018\/09\/21\/dia-mundial-sem-carro-sera-celebrado\/"},"modified":"2019-02-09T02:31:45","modified_gmt":"2019-02-09T04:31:45","slug":"dia-mundial-sem-carro-sera-celebrado","status":"publish","type":"post","link":"https:\/\/blogdoedvaldomagalhaes.com.br\/index.php\/2018\/09\/21\/dia-mundial-sem-carro-sera-celebrado\/","title":{"rendered":"Dia Mundial sem Carro ser\u00e1 celebrado neste s\u00e1bado (22)"},"content":{"rendered":"<div class=\"separator\" style=\"clear: both; text-align: center;\">\n<a href=\"https:\/\/4.bp.blogspot.com\/-8kAG7LTZWl0\/W6UR2hm8epI\/AAAAAAAA6YA\/25GAbJlfJV4sVeGSUlD8XjhasKpsrgBkACLcBGAs\/s1600\/aetpc.jpg\" imageanchor=\"1\" style=\"margin-left: 1em; margin-right: 1em;\"><img loading=\"lazy\" decoding=\"async\" border=\"0\" data-original-height=\"1024\" data-original-width=\"819\" height=\"640\" src=\"http:\/\/blogdoedvaldomagalhaes.com.br\/wp-content\/uploads\/2018\/09\/aetpc.jpg\" width=\"510\" \/><\/a><\/div>\n<div class=\"separator\" style=\"clear: both; text-align: center;\">\n<\/div>\n<div class=\"separator\" style=\"clear: both; text-align: justify;\">\nO Dia Mundial sem Carro, comemorado no dia 22 de setembro, tem como proposta convencer as pessoas que utilizam o transporte individual (carros e motos) a conhecer outras alternativas de transporte, como o transporte p\u00fablico coletivo, andar a p\u00e9 ou de bicicleta. O objetivo da data \u00e9 mostrar que, al\u00e9m de ser mais sustent\u00e1vel, por emitir menos poluentes no meio ambiente, utilizar outros meios de transporte pode ainda contribuir com a mobilidade urbana das cidades, garantindo um tr\u00e2nsito melhor. #Aetpc #Caruaru #Leva #DiaMundialSemCarro #Mobilidade #TransportePublico<\/div>\n<div class=\"separator\" style=\"clear: both; text-align: justify;\">\n<\/div>\n","protected":false},"excerpt":{"rendered":"<p>O Dia Mundial sem Carro, comemorado no dia 22 de setembro, tem como proposta convencer as pessoas que utilizam o&hellip;<\/p>\n","protected":false},"author":1,"featured_media":0,"comment_status":"open","ping_status":"open","sticky":false,"template":"","format":"standard","meta":{"footnotes":""},"categories":[1],"tags":[2,1209,6],"class_list":["post-1252","post","type-post","status-publish","format-standard","hentry","category-sem-categoria","tag-blog-do-edvaldo-magalhaes","tag-dia-mundial-sem-carro-sera-celebrado-neste-sabado-22","tag-noticias"],"_links":{"self":[{"href":"https:\/\/blogdoedvaldomagalhaes.com.br\/index.php\/wp-json\/wp\/v2\/posts\/1252","targetHints":{"allow":["GET"]}}],"collection":[{"href":"https:\/\/blogdoedvaldomagalhaes.com.br\/index.php\/wp-json\/wp\/v2\/posts"}],"about":[{"href":"https:\/\/blogdoedvaldomagalhaes.com.br\/index.php\/wp-json\/wp\/v2\/types\/post"}],"author":[{"embeddable":true,"href":"https:\/\/blogdoedvaldomagalhaes.com.br\/index.php\/wp-json\/wp\/v2\/users\/1"}],"replies":[{"embeddable":true,"href":"https:\/\/blogdoedvaldomagalhaes.com.br\/index.php\/wp-json\/wp\/v2\/comments?post=1252"}],"version-history":[{"count":1,"href":"https:\/\/blogdoedvaldomagalhaes.com.br\/index.php\/wp-json\/wp\/v2\/posts\/1252\/revisions"}],"predecessor-version":[{"id":34229,"href":"https:\/\/blogdoedvaldomagalhaes.com.br\/index.php\/wp-json\/wp\/v2\/posts\/1252\/revisions\/34229"}],"wp:attachment":[{"href":"https:\/\/blogdoedvaldomagalhaes.com.br\/index.php\/wp-json\/wp\/v2\/media?parent=1252"}],"wp:term":[{"taxonomy":"category","embeddable":true,"href":"https:\/\/blogdoedvaldomagalhaes.com.br\/index.php\/wp-json\/wp\/v2\/categories?post=1252"},{"taxonomy":"post_tag","embeddable":true,"href":"https:\/\/blogdoedvaldomagalhaes.com.br\/index.php\/wp-json\/wp\/v2\/tags?post=1252"}],"curies":[{"name":"wp","href":"https:\/\/api.w.org\/{rel}","templated":true}]}}