{"id":125164,"date":"2025-12-01T22:58:29","date_gmt":"2025-12-02T01:58:29","guid":{"rendered":"https:\/\/blogdoedvaldomagalhaes.com.br\/?p=125164"},"modified":"2025-12-01T22:58:29","modified_gmt":"2025-12-02T01:58:29","slug":"sileno-guedes-recebe-o-titulo-de-cidadao-de-caruaru-propositura-do-vereador-gil-bobinho","status":"publish","type":"post","link":"https:\/\/blogdoedvaldomagalhaes.com.br\/index.php\/2025\/12\/01\/sileno-guedes-recebe-o-titulo-de-cidadao-de-caruaru-propositura-do-vereador-gil-bobinho\/","title":{"rendered":"Sileno Guedes recebe o t\u00edtulo de cidad\u00e3o de Caruaru, propositura do vereador Gil Bobinho"},"content":{"rendered":"<p dir=\"ltr\"><span data-originalfontsize=\"12pt\" data-originalcomputedfontsize=\"16\">O presidente do PSB de Pernambuco, deputado Sileno Guedes, recebeu, nesta sexta-feira (28), o t\u00edtulo de cidad\u00e3o de Caruaru. Proposta pelo vereador Gil Bobinho (PSB), a homenagem teve o objetivo de reconhecer os servi\u00e7os prestados \u00e0 cidade em diferentes momentos da trajet\u00f3ria do parlamentar, gestor p\u00fablico e dirigente partid\u00e1rio. A cerim\u00f4nia foi realizada na C\u00e2mara Municipal da Capital do Agreste e reuniu prefeitos, vereadores, ex-parlamentares e lideran\u00e7as de toda a regi\u00e3o.<\/span><\/p>\n<p dir=\"ltr\"><span data-originalfontsize=\"12pt\" data-originalcomputedfontsize=\"16\">Em sua fala, o deputado lembrou a longa trajet\u00f3ria de di\u00e1logo com lideran\u00e7as pol\u00edticas, empres\u00e1rios e representantes de movimentos sociais quando ocupou fun\u00e7\u00f5es de articula\u00e7\u00e3o social no Governo de Pernambuco e como presidente do PSB. Tamb\u00e9m elencou o trabalho feito como secret\u00e1rio estadual de Desenvolvimento Social, Crian\u00e7a e Juventude, per\u00edodo em que coordenou o 13\u00ba do Bolsa Fam\u00edlia. Somente entre 2020 e 2022, o programa social repassou mais de R$ 12,5 milh\u00f5es para fam\u00edlias em vulnerabilidade que residiam em Caruaru. \u00c0 frente da pasta, Sileno tamb\u00e9m esteve na cidade para anunciar investimentos de quase R$ 1 milh\u00e3o na reforma de uma das unidades da Funda\u00e7\u00e3o de Atendimento Socioeducativo (Funase).<\/span><\/p>\n<p dir=\"ltr\"><span data-originalfontsize=\"12pt\" data-originalcomputedfontsize=\"16\">\u201cCaruaru \u00e9 grande por sua gente, seu talento, sua cultura e sua coragem de inovar. \u00c9 grande tamb\u00e9m por seu S\u00e3o Jo\u00e3o, que faz o Brasil inteiro olhar para c\u00e1. Pela feira, que \u00e9 patrim\u00f4nio e hist\u00f3ria viva. Pela for\u00e7a de sua economia, pela vitalidade de suas universidades, pelo protagonismo que exerce em todo o interior de Pernambuco e do Nordeste. Levo esse t\u00edtulo com orgulho e com a certeza de que, como filho, serei sempre parceiro, defensor e amigo da cidade\u201d, discursou Sileno, refor\u00e7ando a parceria que tem com os vereadores Gil Bobinho, Delegado Lessa (Republicanos) e outras figuras pol\u00edticas da cidade.<\/span><\/p>\n<p dir=\"ltr\"><span data-originalfontsize=\"12pt\" data-originalcomputedfontsize=\"16\">O vereador Gil Bobinho enalteceu a trajet\u00f3ria de Sileno e destacou a alegria de ver o povo caruaruense, por meio de seus representantes eleitos, prestar essa homenagem. \u201cA gente celebra Sileno Guedes pelas entregas, por seu papel na pol\u00edtica, por suas fun\u00e7\u00f5es na defesa dos direitos das pessoas. Em nome da sociedade caruaruense, celebro a dedica\u00e7\u00e3o que Sileno tem, especialmente ao Agreste Central e a Pernambuco. Caruaru se alegra em receber esse cidad\u00e3o\u201d, afirmou o parlamentar.<br \/>\n<\/span><span style=\"font-size: revert;\">Siga o Instagram @portaledvaldomagalhaes<br \/>\n<\/span><span style=\"font-size: revert;\">Foto: Pedro Caldas<\/span><\/p>\n","protected":false},"excerpt":{"rendered":"<p>O presidente do PSB de Pernambuco, deputado Sileno Guedes, recebeu, nesta sexta-feira (28), o t\u00edtulo de cidad\u00e3o de Caruaru. Proposta&hellip;<\/p>\n","protected":false},"author":1,"featured_media":125165,"comment_status":"closed","ping_status":"open","sticky":false,"template":"","format":"standard","meta":{"footnotes":""},"categories":[14122],"tags":[20,6661],"class_list":["post-125164","post","type-post","status-publish","format-standard","has-post-thumbnail","hentry","category-politica","tag-politica","tag-sileno-guedes"],"_links":{"self":[{"href":"https:\/\/blogdoedvaldomagalhaes.com.br\/index.php\/wp-json\/wp\/v2\/posts\/125164","targetHints":{"allow":["GET"]}}],"collection":[{"href":"https:\/\/blogdoedvaldomagalhaes.com.br\/index.php\/wp-json\/wp\/v2\/posts"}],"about":[{"href":"https:\/\/blogdoedvaldomagalhaes.com.br\/index.php\/wp-json\/wp\/v2\/types\/post"}],"author":[{"embeddable":true,"href":"https:\/\/blogdoedvaldomagalhaes.com.br\/index.php\/wp-json\/wp\/v2\/users\/1"}],"replies":[{"embeddable":true,"href":"https:\/\/blogdoedvaldomagalhaes.com.br\/index.php\/wp-json\/wp\/v2\/comments?post=125164"}],"version-history":[{"count":1,"href":"https:\/\/blogdoedvaldomagalhaes.com.br\/index.php\/wp-json\/wp\/v2\/posts\/125164\/revisions"}],"predecessor-version":[{"id":125166,"href":"https:\/\/blogdoedvaldomagalhaes.com.br\/index.php\/wp-json\/wp\/v2\/posts\/125164\/revisions\/125166"}],"wp:featuredmedia":[{"embeddable":true,"href":"https:\/\/blogdoedvaldomagalhaes.com.br\/index.php\/wp-json\/wp\/v2\/media\/125165"}],"wp:attachment":[{"href":"https:\/\/blogdoedvaldomagalhaes.com.br\/index.php\/wp-json\/wp\/v2\/media?parent=125164"}],"wp:term":[{"taxonomy":"category","embeddable":true,"href":"https:\/\/blogdoedvaldomagalhaes.com.br\/index.php\/wp-json\/wp\/v2\/categories?post=125164"},{"taxonomy":"post_tag","embeddable":true,"href":"https:\/\/blogdoedvaldomagalhaes.com.br\/index.php\/wp-json\/wp\/v2\/tags?post=125164"}],"curies":[{"name":"wp","href":"https:\/\/api.w.org\/{rel}","templated":true}]}}