{"id":125160,"date":"2025-12-01T15:12:37","date_gmt":"2025-12-01T18:12:37","guid":{"rendered":"https:\/\/blogdoedvaldomagalhaes.com.br\/?p=125160"},"modified":"2025-12-01T15:12:37","modified_gmt":"2025-12-01T18:12:37","slug":"governadora-raquel-lyra-entrega-10-novas-ambulancias-com-suporte-de-uti-movel-para-renovar-frota-de-hospitais-da-rede-estadual","status":"publish","type":"post","link":"https:\/\/blogdoedvaldomagalhaes.com.br\/index.php\/2025\/12\/01\/governadora-raquel-lyra-entrega-10-novas-ambulancias-com-suporte-de-uti-movel-para-renovar-frota-de-hospitais-da-rede-estadual\/","title":{"rendered":"Governadora Raquel Lyra entrega 10 novas ambul\u00e2ncias com suporte de UTI m\u00f3vel para renovar frota de hospitais da Rede Estadual"},"content":{"rendered":"<p><span style=\"font-size: revert;\">Garantindo a melhoria na assist\u00eancia \u00e0 sa\u00fade, a governadora Raquel Lyra entregou, nesta segunda-feira (1\u00ba), 10 novas ambul\u00e2ncias do tipo UTI m\u00f3vel, para atender \u00e0s demandas dos hospitais que fazem parte da rede estadual. Estes dez primeiros ve\u00edculos s\u00e3o parte de uma frota de 40 novas ambul\u00e2ncias de suporte avan\u00e7ado que far\u00e3o o incremento \u00e0s unidades de sa\u00fade. As outras 30 ambul\u00e2ncias ser\u00e3o entregues ao longo do m\u00eas de dezembro.<\/span><\/p>\n<p>\u201cEste \u00e9 mais uma etapa da reestrutura\u00e7\u00e3o da sa\u00fade p\u00fablica de Pernambuco. Temos feito a recomposi\u00e7\u00e3o de equipamentos, restaurado todos os hospitais do Estado e garantido o transporte de pacientes. Estamos fazendo a substitui\u00e7\u00e3o de ambul\u00e2ncias que estavam rodando h\u00e1 5 anos. Esses novos equipamentos t\u00eam todo o aparato necess\u00e1rio para garantir o deslocamento dos pacientes. Essa \u00e9 mais uma etapa do maior investimento que Pernambuco tem vivenciado na sa\u00fade p\u00fablica em sua hist\u00f3ria\u201d, enfatizou Raquel Lyra.<\/p>\n<p>As unidades contempladas nesta primeira entrega s\u00e3o: Hospital Regional do Agreste (02), Hospital Regional Dom Moura (01), Hospital Regional Belarmino Correia (01), Hospital Ot\u00e1vio de Freitas (01), Hospital Agamenon Magalh\u00e3es (01), Hospital Get\u00falio Vargas (01), Hospital Bar\u00e3o de Lucena (01), Procape (01) e Hospital Universit\u00e1rio Oswaldo Cruz (01).<\/p>\n<p>&#8220;Todas s\u00e3o ambul\u00e2ncias do tipo D, com Unidade de Suporte Avan\u00e7ado, proporcionando o transporte com seguran\u00e7a para pacientes em estado grave. Estamos destinando para as unidades do Recife, Regi\u00e3o Metropolitana e do Interior, contribuindo para dar mais celeridade \u00e0 remo\u00e7\u00e3o de pacientes\u201d, explicou a secret\u00e1ria estadual de Sa\u00fade, Zilda Cavalcanti.<\/p>\n<p>Com investimento mensal de mais de R$ 35 mil destinado \u00e0 loca\u00e7\u00e3o dos equipamentos, o contrato com a empresa prestadora do servi\u00e7o tamb\u00e9m inclui a disponibiliza\u00e7\u00e3o de condutores em regime de dedica\u00e7\u00e3o exclusiva, com o objetivo de atender \u00e0s demandas de remo\u00e7\u00f5es internas, externas e inter-hospitalares. Anualmente, os investimentos ultrapassam R$ 400 mil.<\/p>\n<p>Acompanhando as entregas, a deputada estadual Socorro Pimentel destacou o cuidado do Estado com a sa\u00fade. \u201cAs ambul\u00e2ncias trazem dignidade e demonstram o papel transformador que o Governo de Pernambuco vem imprimindo em todo o Estado. \u00c9 mais qualidade para atendimento de todos os pernambucanos\u201d, enfatizou a parlamentar.<\/p>\n<p>O diretor do Hospital Ot\u00e1vio de Freitas, R\u00f4mulo Aquino, pontuou a melhoria para a unidade. &#8220;As ambul\u00e2ncias t\u00eam os equipamentos mais modernos e o suporte mais avan\u00e7ado, para atender os pacientes da melhor forma. \u00c9 um ganho significativo para o Hospital\u201d, disse.<\/p>\n<p>Posteriormente, receber\u00e3o novas ambul\u00e2ncias os hospitais: Regional Dom Moura (02); Correia Pican\u00e7o (01); Regional Jos\u00e9 Fernandes Salsa (01); Regional In\u00e1cio de S\u00e1 (02); Professor Agamenon Magalh\u00e3es (01); Erm\u00edrio Coutinho (01); Pel\u00f3pidas Silveira (01); Regional Em\u00edlia C\u00e2mara (01); Regional de Palmares-S\u00edlvio Magalh\u00e3es (01); Regional Ruy de Barros Correia (01); Get\u00falio Vargas (01); Bar\u00e3o de Lucena (01); Ot\u00e1vio de Freitas (01); Agamenon Magalh\u00e3es (01); Restaura\u00e7\u00e3o (03); Hemope (01); Geral de Areias (01); Ulysses Pernambucano (01); Jaboat\u00e3o Prazeres (01); Dom Helder C\u00e2mara (01); Dom Malan (01); do Sert\u00e3o Eduardo Campos (01); Jo\u00e3o Murilo de Oliveira (01); Miguel Arraes (01); Mestre Vitalino (01) e Regional Fernando Bezerra (01).<\/p>\n<p>Estiveram presentes na entrega o secret\u00e1rio Herc\u00edlio Mamede (Casa Militar), a secret\u00e1ria executiva de Aten\u00e7\u00e3o \u00e0 Sa\u00fade, Adriana Bezerra e o deputado estadual Iza\u00edas R\u00e9gis. Tamb\u00e9m compareceram os diretores de Hospital, It\u00e1lia Gomes (Hospital Regional do Agreste), Angela Lannia (Agamenon Magalh\u00e3es), Marcela Santos (Assistente de Dire\u00e7\u00e3o do Bar\u00e3o de Lucena), C\u00edntia Ferreira Lima (Belarmino Correia) e Walter Mendon\u00e7a (Dom Moura).<br \/>\n<span style=\"font-size: revert;\">Foto: Miva Filho\/Secom<\/span><\/p>\n","protected":false},"excerpt":{"rendered":"<p>Garantindo a melhoria na assist\u00eancia \u00e0 sa\u00fade, a governadora Raquel Lyra entregou, nesta segunda-feira (1\u00ba), 10 novas ambul\u00e2ncias do tipo&hellip;<\/p>\n","protected":false},"author":1,"featured_media":125162,"comment_status":"closed","ping_status":"open","sticky":false,"template":"","format":"standard","meta":{"footnotes":""},"categories":[14122],"tags":[13146,28127,20,34634],"class_list":["post-125160","post","type-post","status-publish","format-standard","has-post-thumbnail","hentry","category-politica","tag-blog-edvaldo-magalhaes","tag-governadora-raquel-lyra","tag-politica","tag-portal-edvaldo-magalhaes"],"_links":{"self":[{"href":"https:\/\/blogdoedvaldomagalhaes.com.br\/index.php\/wp-json\/wp\/v2\/posts\/125160","targetHints":{"allow":["GET"]}}],"collection":[{"href":"https:\/\/blogdoedvaldomagalhaes.com.br\/index.php\/wp-json\/wp\/v2\/posts"}],"about":[{"href":"https:\/\/blogdoedvaldomagalhaes.com.br\/index.php\/wp-json\/wp\/v2\/types\/post"}],"author":[{"embeddable":true,"href":"https:\/\/blogdoedvaldomagalhaes.com.br\/index.php\/wp-json\/wp\/v2\/users\/1"}],"replies":[{"embeddable":true,"href":"https:\/\/blogdoedvaldomagalhaes.com.br\/index.php\/wp-json\/wp\/v2\/comments?post=125160"}],"version-history":[{"count":2,"href":"https:\/\/blogdoedvaldomagalhaes.com.br\/index.php\/wp-json\/wp\/v2\/posts\/125160\/revisions"}],"predecessor-version":[{"id":125163,"href":"https:\/\/blogdoedvaldomagalhaes.com.br\/index.php\/wp-json\/wp\/v2\/posts\/125160\/revisions\/125163"}],"wp:featuredmedia":[{"embeddable":true,"href":"https:\/\/blogdoedvaldomagalhaes.com.br\/index.php\/wp-json\/wp\/v2\/media\/125162"}],"wp:attachment":[{"href":"https:\/\/blogdoedvaldomagalhaes.com.br\/index.php\/wp-json\/wp\/v2\/media?parent=125160"}],"wp:term":[{"taxonomy":"category","embeddable":true,"href":"https:\/\/blogdoedvaldomagalhaes.com.br\/index.php\/wp-json\/wp\/v2\/categories?post=125160"},{"taxonomy":"post_tag","embeddable":true,"href":"https:\/\/blogdoedvaldomagalhaes.com.br\/index.php\/wp-json\/wp\/v2\/tags?post=125160"}],"curies":[{"name":"wp","href":"https:\/\/api.w.org\/{rel}","templated":true}]}}