{"id":125157,"date":"2025-12-01T12:27:38","date_gmt":"2025-12-01T15:27:38","guid":{"rendered":"https:\/\/blogdoedvaldomagalhaes.com.br\/?p=125157"},"modified":"2025-12-01T12:27:38","modified_gmt":"2025-12-01T15:27:38","slug":"vereador-silvio-nascimento-apresenta-requerimento-que-propoe-estudo-de-reengenharia-de-trafego-e-mobilidade-urbana-em-caruaru","status":"publish","type":"post","link":"https:\/\/blogdoedvaldomagalhaes.com.br\/index.php\/2025\/12\/01\/vereador-silvio-nascimento-apresenta-requerimento-que-propoe-estudo-de-reengenharia-de-trafego-e-mobilidade-urbana-em-caruaru\/","title":{"rendered":"Vereador Silvio Nascimento apresenta Requerimento que prop\u00f5e Estudo de Reengenharia de Tr\u00e1fego e Mobilidade Urbana em Caruaru"},"content":{"rendered":"<p><span style=\"font-size: revert;\">O vereador Silvio Nascimento protocolou na C\u00e2mara Municipal de Caruaru um requerimento propondo que o Poder Executivo implemente um Estudo de Reengenharia de Tr\u00e1fego e Mobilidade Urbana, iniciativa considerada estrat\u00e9gica diante do acelerado crescimento urbano do munic\u00edpio e dos crescentes desafios na circula\u00e7\u00e3o de ve\u00edculos, pedestres, ciclistas e no transporte coletivo.<\/span><\/p>\n<p>A proposta sugere que o estudo seja conduzido pela Prefeitura e pela Autarquia de Mobilidade de Caruaru (AMC), e re\u00fane cinco eixos centrais, considerados fundamentais para modernizar e organizar o tr\u00e1fego da cidade:<br \/>\n1. Diagn\u00f3stico t\u00e9cnico dos principais gargalos do tr\u00e2nsito<br \/>\nO documento prev\u00ea um mapeamento completo dos pontos cr\u00edticos de congestionamento, conflitos vi\u00e1rios e locais com altos \u00edndices de acidentes, envolvendo n\u00e3o apenas ve\u00edculos, mas tamb\u00e9m ciclistas, pedestres e o transporte coletivo.<br \/>\n2. Revis\u00e3o e requalifica\u00e7\u00e3o de toda a sinaliza\u00e7\u00e3o<br \/>\nO requerimento prop\u00f5e uma revis\u00e3o abrangente da sinaliza\u00e7\u00e3o existente como placas, faixas de pedestres, sem\u00e1foros e dispositivos de calmaria, al\u00e9m da readequa\u00e7\u00e3o do sentido de vias, cria\u00e7\u00e3o de bin\u00e1rios, rotat\u00f3rias e outras solu\u00e7\u00f5es modernas de engenharia.<br \/>\n3. Prioriza\u00e7\u00e3o do transporte coletivo e dos modos n\u00e3o motorizados<br \/>\nA iniciativa aponta a necessidade de reavaliar faixas exclusivas de \u00f4nibus, paradas, rotas ciclovi\u00e1rias e condi\u00e7\u00f5es de acessibilidade nas cal\u00e7adas, alinhando Caruaru \u00e0s diretrizes nacionais de mobilidade urbana.<br \/>\n4. Integra\u00e7\u00e3o ao Plano de Mobilidade Urbana<br \/>\nO estudo proposto deve dialogar diretamente com o Plano de Mobilidade j\u00e1 existente em Caruaru, consolidado em 2022, garantindo coer\u00eancia entre planejamento urbano e a\u00e7\u00f5es estrat\u00e9gicas de m\u00e9dio e longo prazo.<br \/>\n5. Participa\u00e7\u00e3o popular e estudos de impacto<br \/>\nSilvio Nascimento, refor\u00e7a que o processo dever\u00e1 incluir audi\u00eancias p\u00fablicas, consultas \u00e0 popula\u00e7\u00e3o e di\u00e1logo com especialistas, operadores de transporte e entidades representativas.<\/p>\n<p>Segundo estudos t\u00e9cnicos, Caruaru registrou um crescimento de aproximadamente 70% na frota de ve\u00edculos nos \u00faltimos dez anos, impactando diretamente os congestionamentos e a sobrecarga da infraestrutura vi\u00e1ria.<br \/>\nEstudos acad\u00eamicos e relat\u00f3rios t\u00e9cnicos refor\u00e7am esse cen\u00e1rio, apontando problemas como estacionamento irregular, vias estreitas e pontos recorrentes de estrangulamento do tr\u00e2nsito, que prejudicam inclusive a regularidade do transporte coletivo. A pr\u00f3pria AMC j\u00e1 identificou a necessidade de interven\u00e7\u00f5es estruturais, como a requalifica\u00e7\u00e3o vi\u00e1ria no bin\u00e1rio da Rua Alferes Jorge com a Rua Manoel Nunes Filho, fato que demonstra a urg\u00eancia de uma abordagem mais ampla e integrada.<\/p>\n<p>Para o vereador Silvio Nascimento, o momento exige um salto de qualidade no planejamento do tr\u00e2nsito: \u201cCaruaru precisa avan\u00e7ar para solu\u00e7\u00f5es estruturadas e n\u00e3o pode mais se limitar a interven\u00e7\u00f5es pontuais. Precisamos de um programa estruturado, cont\u00ednuo e tecnicamente fundamentado para garantir mobilidade, seguran\u00e7a vi\u00e1ria e qualidade de vida \u00e0 popula\u00e7\u00e3o\u201d.<br \/>\nSiga o Instagram @portaledvaldomagalhaes.<br \/>\nFoto: Divulga\u00e7\u00e3o<\/p>\n","protected":false},"excerpt":{"rendered":"<p>O vereador Silvio Nascimento protocolou na C\u00e2mara Municipal de Caruaru um requerimento propondo que o Poder Executivo implemente um Estudo&hellip;<\/p>\n","protected":false},"author":1,"featured_media":125158,"comment_status":"closed","ping_status":"open","sticky":false,"template":"","format":"standard","meta":{"footnotes":""},"categories":[14122],"tags":[13146,20,34634],"class_list":["post-125157","post","type-post","status-publish","format-standard","has-post-thumbnail","hentry","category-politica","tag-blog-edvaldo-magalhaes","tag-politica","tag-portal-edvaldo-magalhaes"],"_links":{"self":[{"href":"https:\/\/blogdoedvaldomagalhaes.com.br\/index.php\/wp-json\/wp\/v2\/posts\/125157","targetHints":{"allow":["GET"]}}],"collection":[{"href":"https:\/\/blogdoedvaldomagalhaes.com.br\/index.php\/wp-json\/wp\/v2\/posts"}],"about":[{"href":"https:\/\/blogdoedvaldomagalhaes.com.br\/index.php\/wp-json\/wp\/v2\/types\/post"}],"author":[{"embeddable":true,"href":"https:\/\/blogdoedvaldomagalhaes.com.br\/index.php\/wp-json\/wp\/v2\/users\/1"}],"replies":[{"embeddable":true,"href":"https:\/\/blogdoedvaldomagalhaes.com.br\/index.php\/wp-json\/wp\/v2\/comments?post=125157"}],"version-history":[{"count":1,"href":"https:\/\/blogdoedvaldomagalhaes.com.br\/index.php\/wp-json\/wp\/v2\/posts\/125157\/revisions"}],"predecessor-version":[{"id":125159,"href":"https:\/\/blogdoedvaldomagalhaes.com.br\/index.php\/wp-json\/wp\/v2\/posts\/125157\/revisions\/125159"}],"wp:featuredmedia":[{"embeddable":true,"href":"https:\/\/blogdoedvaldomagalhaes.com.br\/index.php\/wp-json\/wp\/v2\/media\/125158"}],"wp:attachment":[{"href":"https:\/\/blogdoedvaldomagalhaes.com.br\/index.php\/wp-json\/wp\/v2\/media?parent=125157"}],"wp:term":[{"taxonomy":"category","embeddable":true,"href":"https:\/\/blogdoedvaldomagalhaes.com.br\/index.php\/wp-json\/wp\/v2\/categories?post=125157"},{"taxonomy":"post_tag","embeddable":true,"href":"https:\/\/blogdoedvaldomagalhaes.com.br\/index.php\/wp-json\/wp\/v2\/tags?post=125157"}],"curies":[{"name":"wp","href":"https:\/\/api.w.org\/{rel}","templated":true}]}}