{"id":125147,"date":"2025-12-01T10:54:50","date_gmt":"2025-12-01T13:54:50","guid":{"rendered":"https:\/\/blogdoedvaldomagalhaes.com.br\/?p=125147"},"modified":"2025-12-01T11:01:55","modified_gmt":"2025-12-01T14:01:55","slug":"apaes-de-pernambuco-se-reunem-para-formacao-continuada-incluir-e-agir-junto-em-agrestina","status":"publish","type":"post","link":"https:\/\/blogdoedvaldomagalhaes.com.br\/index.php\/2025\/12\/01\/apaes-de-pernambuco-se-reunem-para-formacao-continuada-incluir-e-agir-junto-em-agrestina\/","title":{"rendered":"Apaes de Pernambuco se re\u00fanem para forma\u00e7\u00e3o continuada \u201cIncluir \u00e9 agir junto\u201d em Agrestina"},"content":{"rendered":"<p><span style=\"font-size:revert;\">Nos dias 26 e 27 de novembro, a Federa\u00e7\u00e3o das Apaes de Pernambuco \u2013 Feapaes\/PE em parceria com a Apae Brasil e o produto Pernambuco da Sorte promoveram para os profissionais das Apaes de todo o estado de Pernambuco a forma\u00e7\u00e3o continuada intitulada \u201cIncluir \u00e9 agir junto\u201d. O encontro contou com dois dias de palestras, apresenta\u00e7\u00f5es culturais e oficinas, promovendo integra\u00e7\u00e3o, troca de experi\u00eancias e qualifica\u00e7\u00e3o das pr\u00e1ticas nas \u00e1reas de sa\u00fade, educa\u00e7\u00e3o e assist\u00eancia social. Na ocasi\u00e3o tamb\u00e9m estiveram presentes autoridades, representantes do governo do estado e tamb\u00e9m da Apae Brasil.<\/span><\/p>\n<p><img loading=\"lazy\" decoding=\"async\" src=\"https:\/\/blogdoedvaldomagalhaes.com.br\/wp-content\/uploads\/2025\/12\/img-20251201-wa0056374184321496348514.jpg\" class=\"alignnone size-full wp-image-125152\" width=\"1600\" height=\"1066\" srcset=\"https:\/\/blogdoedvaldomagalhaes.com.br\/wp-content\/uploads\/2025\/12\/img-20251201-wa0056374184321496348514.jpg 1600w, https:\/\/blogdoedvaldomagalhaes.com.br\/wp-content\/uploads\/2025\/12\/img-20251201-wa0056374184321496348514-300x200.jpg 300w, https:\/\/blogdoedvaldomagalhaes.com.br\/wp-content\/uploads\/2025\/12\/img-20251201-wa0056374184321496348514-1024x682.jpg 1024w, https:\/\/blogdoedvaldomagalhaes.com.br\/wp-content\/uploads\/2025\/12\/img-20251201-wa0056374184321496348514-768x512.jpg 768w, https:\/\/blogdoedvaldomagalhaes.com.br\/wp-content\/uploads\/2025\/12\/img-20251201-wa0056374184321496348514-1536x1023.jpg 1536w\" sizes=\"auto, (max-width: 1600px) 100vw, 1600px\" \/><\/p>\n<p>Paralelamente \u00e0 programa\u00e7\u00e3o formativa, aconteceu tamb\u00e9m a \u00faltima reuni\u00e3o administrativa com a diretoria da Federa\u00e7\u00e3o das Apaes de Pernambuco com os presidentes das Apaes de todo o estado, fortalecendo o di\u00e1logo institucional, o planejamento conjunto e o alinhamento das a\u00e7\u00f5es das unidades Pernambucanas, fazendo um balan\u00e7o de 2025 e tra\u00e7ando estrat\u00e9gias para 2026.<\/p>\n<p><img loading=\"lazy\" decoding=\"async\" src=\"https:\/\/blogdoedvaldomagalhaes.com.br\/wp-content\/uploads\/2025\/12\/img-20251201-wa00558577665770111069840.jpg\" class=\"alignnone size-full wp-image-125153\" width=\"1600\" height=\"1066\" srcset=\"https:\/\/blogdoedvaldomagalhaes.com.br\/wp-content\/uploads\/2025\/12\/img-20251201-wa00558577665770111069840.jpg 1600w, https:\/\/blogdoedvaldomagalhaes.com.br\/wp-content\/uploads\/2025\/12\/img-20251201-wa00558577665770111069840-300x200.jpg 300w, https:\/\/blogdoedvaldomagalhaes.com.br\/wp-content\/uploads\/2025\/12\/img-20251201-wa00558577665770111069840-1024x682.jpg 1024w, https:\/\/blogdoedvaldomagalhaes.com.br\/wp-content\/uploads\/2025\/12\/img-20251201-wa00558577665770111069840-768x512.jpg 768w, https:\/\/blogdoedvaldomagalhaes.com.br\/wp-content\/uploads\/2025\/12\/img-20251201-wa00558577665770111069840-1536x1023.jpg 1536w\" sizes=\"auto, (max-width: 1600px) 100vw, 1600px\" \/><\/p>\n<p>Com foco no aprimoramento das pr\u00e1ticas inclusivas e no fortalecimento da rede de apoio \u00e0s pessoas com defici\u00eancia, o evento reafirmou seu prop\u00f3sito de que incluir \u00e9, verdadeiramente, agir junto. O encontro aconteceu \u00e0s margens da BR, na Primavera Recep\u00e7\u00f5es, em Agrestina.<\/p>\n<p><img loading=\"lazy\" decoding=\"async\" src=\"https:\/\/blogdoedvaldomagalhaes.com.br\/wp-content\/uploads\/2025\/12\/img-20251201-wa00527539659318182151236.jpg\" class=\"wp-image-125154 alignnone size-full\" width=\"1600\" height=\"1066\" srcset=\"https:\/\/blogdoedvaldomagalhaes.com.br\/wp-content\/uploads\/2025\/12\/img-20251201-wa00527539659318182151236.jpg 1600w, https:\/\/blogdoedvaldomagalhaes.com.br\/wp-content\/uploads\/2025\/12\/img-20251201-wa00527539659318182151236-300x200.jpg 300w, https:\/\/blogdoedvaldomagalhaes.com.br\/wp-content\/uploads\/2025\/12\/img-20251201-wa00527539659318182151236-1024x682.jpg 1024w, https:\/\/blogdoedvaldomagalhaes.com.br\/wp-content\/uploads\/2025\/12\/img-20251201-wa00527539659318182151236-768x512.jpg 768w, https:\/\/blogdoedvaldomagalhaes.com.br\/wp-content\/uploads\/2025\/12\/img-20251201-wa00527539659318182151236-1536x1023.jpg 1536w\" sizes=\"auto, (max-width: 1600px) 100vw, 1600px\" \/><img loading=\"lazy\" decoding=\"async\" src=\"https:\/\/blogdoedvaldomagalhaes.com.br\/wp-content\/uploads\/2025\/12\/img-20251201-wa00533757960113307810957.jpg\" class=\"wp-image-125155 alignnone size-full\" width=\"1600\" height=\"1066\" srcset=\"https:\/\/blogdoedvaldomagalhaes.com.br\/wp-content\/uploads\/2025\/12\/img-20251201-wa00533757960113307810957.jpg 1600w, https:\/\/blogdoedvaldomagalhaes.com.br\/wp-content\/uploads\/2025\/12\/img-20251201-wa00533757960113307810957-300x200.jpg 300w, https:\/\/blogdoedvaldomagalhaes.com.br\/wp-content\/uploads\/2025\/12\/img-20251201-wa00533757960113307810957-1024x682.jpg 1024w, https:\/\/blogdoedvaldomagalhaes.com.br\/wp-content\/uploads\/2025\/12\/img-20251201-wa00533757960113307810957-768x512.jpg 768w, https:\/\/blogdoedvaldomagalhaes.com.br\/wp-content\/uploads\/2025\/12\/img-20251201-wa00533757960113307810957-1536x1023.jpg 1536w\" sizes=\"auto, (max-width: 1600px) 100vw, 1600px\" \/><\/p>\n<p>Siga o Instagram @portaledvaldomagalhaes.<br \/>\nFotos: Divulga\u00e7\u00e3o<\/p>\n","protected":false},"excerpt":{"rendered":"<p>Nos dias 26 e 27 de novembro, a Federa\u00e7\u00e3o das Apaes de Pernambuco \u2013 Feapaes\/PE em parceria com a Apae&hellip;<\/p>\n","protected":false},"author":1,"featured_media":125148,"comment_status":"closed","ping_status":"open","sticky":false,"template":"","format":"standard","meta":{"footnotes":""},"categories":[14120],"tags":[13146,34634],"class_list":["post-125147","post","type-post","status-publish","format-standard","has-post-thumbnail","hentry","category-noticias","tag-blog-edvaldo-magalhaes","tag-portal-edvaldo-magalhaes"],"_links":{"self":[{"href":"https:\/\/blogdoedvaldomagalhaes.com.br\/index.php\/wp-json\/wp\/v2\/posts\/125147","targetHints":{"allow":["GET"]}}],"collection":[{"href":"https:\/\/blogdoedvaldomagalhaes.com.br\/index.php\/wp-json\/wp\/v2\/posts"}],"about":[{"href":"https:\/\/blogdoedvaldomagalhaes.com.br\/index.php\/wp-json\/wp\/v2\/types\/post"}],"author":[{"embeddable":true,"href":"https:\/\/blogdoedvaldomagalhaes.com.br\/index.php\/wp-json\/wp\/v2\/users\/1"}],"replies":[{"embeddable":true,"href":"https:\/\/blogdoedvaldomagalhaes.com.br\/index.php\/wp-json\/wp\/v2\/comments?post=125147"}],"version-history":[{"count":2,"href":"https:\/\/blogdoedvaldomagalhaes.com.br\/index.php\/wp-json\/wp\/v2\/posts\/125147\/revisions"}],"predecessor-version":[{"id":125156,"href":"https:\/\/blogdoedvaldomagalhaes.com.br\/index.php\/wp-json\/wp\/v2\/posts\/125147\/revisions\/125156"}],"wp:featuredmedia":[{"embeddable":true,"href":"https:\/\/blogdoedvaldomagalhaes.com.br\/index.php\/wp-json\/wp\/v2\/media\/125148"}],"wp:attachment":[{"href":"https:\/\/blogdoedvaldomagalhaes.com.br\/index.php\/wp-json\/wp\/v2\/media?parent=125147"}],"wp:term":[{"taxonomy":"category","embeddable":true,"href":"https:\/\/blogdoedvaldomagalhaes.com.br\/index.php\/wp-json\/wp\/v2\/categories?post=125147"},{"taxonomy":"post_tag","embeddable":true,"href":"https:\/\/blogdoedvaldomagalhaes.com.br\/index.php\/wp-json\/wp\/v2\/tags?post=125147"}],"curies":[{"name":"wp","href":"https:\/\/api.w.org\/{rel}","templated":true}]}}