{"id":125111,"date":"2025-11-29T21:59:46","date_gmt":"2025-11-30T00:59:46","guid":{"rendered":"https:\/\/blogdoedvaldomagalhaes.com.br\/?p=125111"},"modified":"2025-11-29T21:59:46","modified_gmt":"2025-11-30T00:59:46","slug":"projeto-lutando-pela-liberdade-pjps-2025","status":"publish","type":"post","link":"https:\/\/blogdoedvaldomagalhaes.com.br\/index.php\/2025\/11\/29\/projeto-lutando-pela-liberdade-pjps-2025\/","title":{"rendered":"Projeto Lutando pela Liberdade PJPS 2025"},"content":{"rendered":"<p>Na quinta-feira (27.11) na Penitenci\u00e1ria Juiz Pl\u00e1cido de Souza foi dia da Culmin\u00e2ncia do Projeto Lutando pela Liberdade, que j\u00e1 est\u00e1 em seu terceiro ano. Desde o in\u00edcio do ano o projeto vem sendo executado atrav\u00e9s de suas oficinas: teatro, m\u00fasica, cordel, pintura e capoeira.  A prepara\u00e7\u00e3o \u00e9 realizada dia a dia para que este grande momento chegasse e os alunos pudessem por  em pr\u00e1tica tudo aquilo que aprenderam durante todo o ano. Foram convidadas  pessoas da sociedade civil, artistas e autoridades, dentre eles, C\u00edcero Silva, gestor da GRE Agreste Centro Norte; Onildo Almeida, cantor e compositor caruaruense; Mestre Jo\u00e3o do Pife, artista do p\u00edfano,* para participarem deste momento t\u00e3o importante para a unidade prisional, bem como para as pessoas privadas de liberdade que tanto se esfor\u00e7aram para que este evento fosse realizado. O Gerente: Romero Tim\u00f3teo, est\u00e1 satisfeito com o resultado do projeto.<br \/>\nSiga o Instagram @portaledvaldomagalhaes<br \/>\nFoto: Divulga\u00e7\u00e3o <\/p>\n","protected":false},"excerpt":{"rendered":"<p>Na quinta-feira (27.11) na Penitenci\u00e1ria Juiz Pl\u00e1cido de Souza foi dia da Culmin\u00e2ncia do Projeto Lutando pela Liberdade, que j\u00e1&hellip;<\/p>\n","protected":false},"author":1,"featured_media":125112,"comment_status":"closed","ping_status":"open","sticky":false,"template":"","format":"standard","meta":{"footnotes":""},"categories":[14121],"tags":[13146,3406,35382,34634,35381],"class_list":["post-125111","post","type-post","status-publish","format-standard","has-post-thumbnail","hentry","category-policial","tag-blog-edvaldo-magalhaes","tag-caruaru","tag-penitencia-juiz-placido-de-souza","tag-portal-edvaldo-magalhaes","tag-projeto-lutando-pela-liberdade-pjps-2025"],"_links":{"self":[{"href":"https:\/\/blogdoedvaldomagalhaes.com.br\/index.php\/wp-json\/wp\/v2\/posts\/125111","targetHints":{"allow":["GET"]}}],"collection":[{"href":"https:\/\/blogdoedvaldomagalhaes.com.br\/index.php\/wp-json\/wp\/v2\/posts"}],"about":[{"href":"https:\/\/blogdoedvaldomagalhaes.com.br\/index.php\/wp-json\/wp\/v2\/types\/post"}],"author":[{"embeddable":true,"href":"https:\/\/blogdoedvaldomagalhaes.com.br\/index.php\/wp-json\/wp\/v2\/users\/1"}],"replies":[{"embeddable":true,"href":"https:\/\/blogdoedvaldomagalhaes.com.br\/index.php\/wp-json\/wp\/v2\/comments?post=125111"}],"version-history":[{"count":1,"href":"https:\/\/blogdoedvaldomagalhaes.com.br\/index.php\/wp-json\/wp\/v2\/posts\/125111\/revisions"}],"predecessor-version":[{"id":125113,"href":"https:\/\/blogdoedvaldomagalhaes.com.br\/index.php\/wp-json\/wp\/v2\/posts\/125111\/revisions\/125113"}],"wp:featuredmedia":[{"embeddable":true,"href":"https:\/\/blogdoedvaldomagalhaes.com.br\/index.php\/wp-json\/wp\/v2\/media\/125112"}],"wp:attachment":[{"href":"https:\/\/blogdoedvaldomagalhaes.com.br\/index.php\/wp-json\/wp\/v2\/media?parent=125111"}],"wp:term":[{"taxonomy":"category","embeddable":true,"href":"https:\/\/blogdoedvaldomagalhaes.com.br\/index.php\/wp-json\/wp\/v2\/categories?post=125111"},{"taxonomy":"post_tag","embeddable":true,"href":"https:\/\/blogdoedvaldomagalhaes.com.br\/index.php\/wp-json\/wp\/v2\/tags?post=125111"}],"curies":[{"name":"wp","href":"https:\/\/api.w.org\/{rel}","templated":true}]}}