{"id":125108,"date":"2025-11-29T21:46:57","date_gmt":"2025-11-30T00:46:57","guid":{"rendered":"https:\/\/blogdoedvaldomagalhaes.com.br\/?p=125108"},"modified":"2025-11-29T21:46:57","modified_gmt":"2025-11-30T00:46:57","slug":"apodec-participa-do-campeonato-brasileiro-de-atletismo-em-sao-paulo","status":"publish","type":"post","link":"https:\/\/blogdoedvaldomagalhaes.com.br\/index.php\/2025\/11\/29\/apodec-participa-do-campeonato-brasileiro-de-atletismo-em-sao-paulo\/","title":{"rendered":"Apodec participa do Campeonato Brasileiro de Atletismo em S\u00e3o Paulo"},"content":{"rendered":"<p>Os atletas Rafael Lucena e Thyago Brand\u00e3o,  v\u00e3o representar a Apodec, no Campeonato Brasileiro de Atletismo realizado no Centro Paral\u00edmpico em S\u00e3o Paulo-SP, nos dias 30\/11\/2025 a 03\/12\/2025.<br \/>\nA apodec agradecer mais uma vez o apoio do CBCP como clube Apoiador da nossa entidade. Obrigado CBCP.<br \/>\nSiga o Instagram @portaledvaldomagalhaes<br \/>\nFoto: Divulga\u00e7\u00e3o <\/p>\n","protected":false},"excerpt":{"rendered":"<p>Os atletas Rafael Lucena e Thyago Brand\u00e3o, v\u00e3o representar a Apodec, no Campeonato Brasileiro de Atletismo realizado no Centro Paral\u00edmpico&hellip;<\/p>\n","protected":false},"author":1,"featured_media":125109,"comment_status":"closed","ping_status":"open","sticky":false,"template":"","format":"standard","meta":{"footnotes":""},"categories":[14120],"tags":[35380,13146,34634],"class_list":["post-125108","post","type-post","status-publish","format-standard","has-post-thumbnail","hentry","category-noticias","tag-apodec-participa-do-campeonato-brasileiro-de-atletismo-em-sao-paulo","tag-blog-edvaldo-magalhaes","tag-portal-edvaldo-magalhaes"],"_links":{"self":[{"href":"https:\/\/blogdoedvaldomagalhaes.com.br\/index.php\/wp-json\/wp\/v2\/posts\/125108","targetHints":{"allow":["GET"]}}],"collection":[{"href":"https:\/\/blogdoedvaldomagalhaes.com.br\/index.php\/wp-json\/wp\/v2\/posts"}],"about":[{"href":"https:\/\/blogdoedvaldomagalhaes.com.br\/index.php\/wp-json\/wp\/v2\/types\/post"}],"author":[{"embeddable":true,"href":"https:\/\/blogdoedvaldomagalhaes.com.br\/index.php\/wp-json\/wp\/v2\/users\/1"}],"replies":[{"embeddable":true,"href":"https:\/\/blogdoedvaldomagalhaes.com.br\/index.php\/wp-json\/wp\/v2\/comments?post=125108"}],"version-history":[{"count":1,"href":"https:\/\/blogdoedvaldomagalhaes.com.br\/index.php\/wp-json\/wp\/v2\/posts\/125108\/revisions"}],"predecessor-version":[{"id":125110,"href":"https:\/\/blogdoedvaldomagalhaes.com.br\/index.php\/wp-json\/wp\/v2\/posts\/125108\/revisions\/125110"}],"wp:featuredmedia":[{"embeddable":true,"href":"https:\/\/blogdoedvaldomagalhaes.com.br\/index.php\/wp-json\/wp\/v2\/media\/125109"}],"wp:attachment":[{"href":"https:\/\/blogdoedvaldomagalhaes.com.br\/index.php\/wp-json\/wp\/v2\/media?parent=125108"}],"wp:term":[{"taxonomy":"category","embeddable":true,"href":"https:\/\/blogdoedvaldomagalhaes.com.br\/index.php\/wp-json\/wp\/v2\/categories?post=125108"},{"taxonomy":"post_tag","embeddable":true,"href":"https:\/\/blogdoedvaldomagalhaes.com.br\/index.php\/wp-json\/wp\/v2\/tags?post=125108"}],"curies":[{"name":"wp","href":"https:\/\/api.w.org\/{rel}","templated":true}]}}