{"id":125105,"date":"2025-11-29T21:07:09","date_gmt":"2025-11-30T00:07:09","guid":{"rendered":"https:\/\/blogdoedvaldomagalhaes.com.br\/?p=125105"},"modified":"2025-11-29T21:07:09","modified_gmt":"2025-11-30T00:07:09","slug":"1a-edicao-do-pernambuco-meu-pais-verao-sera-realizada-em-dezembro-e-janeiro","status":"publish","type":"post","link":"https:\/\/blogdoedvaldomagalhaes.com.br\/index.php\/2025\/11\/29\/1a-edicao-do-pernambuco-meu-pais-verao-sera-realizada-em-dezembro-e-janeiro\/","title":{"rendered":"1\u00aa edi\u00e7\u00e3o do Pernambuco Meu Pa\u00eds Ver\u00e3o ser\u00e1 realizada em dezembro e janeiro"},"content":{"rendered":"<p>O Governo de Pernambuco, por meio da Secretaria de Cultura (Secult-PE) e da Empetur, lan\u00e7a a primeira edi\u00e7\u00e3o do Pernambuco Meu Pa\u00eds Ver\u00e3o, nos munic\u00edpios de Camaragibe, Recife, S\u00e3o Jos\u00e9 da Coroa Grande e Ilha de Itamarac\u00e1, al\u00e9m do r\u00e9veillon em Jaboat\u00e3o dos Guararapes. A programa\u00e7\u00e3o completa \u00e9 aberta ao p\u00fablico e gratuita.<\/p>\n<p>\u201cVai ter festival Pernambuco Meu pa\u00eds no ver\u00e3o pernambucano. Depois de tomar todo o cora\u00e7\u00e3o da nossa gente no interior do estado durante o nosso per\u00edodo de inverno, a festividade agora estreia no ver\u00e3o. Estaremos na Regi\u00e3o Metropolitana, no Litoral Norte e Litoral Sul. Come\u00e7amos no dia 5 de dezembro em Camaragibe, depois seguimos para o Recife, no terminal mar\u00edtimo, teremos r\u00e9veillon em Jaboat\u00e3o e as f\u00e9rias de janeiro em S\u00e3o Jos\u00e9 da Coroa Grande, finalizando na Ilha de Itamarac\u00e1, garantindo gera\u00e7\u00e3o de emprego, renda, garantindo o ver\u00e3o do Brasil\u201d, destacou a governadora Raquel Lyra.<\/p>\n<p>As etapas do festival ocorrer\u00e3o nos dias 5, 6 e 7 de dezembro, no Parque Aldeia dos Camar\u00e1s (km 11), em Aldeia, Camaragibe; j\u00e1 nos dias 12, 13 e 14 de dezembro no Terminal Mar\u00edtimo de Passageiros, no Recife, al\u00e9m da festa da virada em Jaboat\u00e3o dos Guararapes. J\u00e1 em janeiro, o palco Pernambuco Meu Pa\u00eds estar\u00e1 em S\u00e3o Jos\u00e9 da Coroa Grande (de 16 a 18) e em Itamarac\u00e1 (de 30\/01 a 1\u00b0 de fevereiro).<\/p>\n<p>A secret\u00e1ria de Cultura de Pernambuco, Cacau de Paula, ressalta que o festival consolida uma pol\u00edtica cultural voltada para todas as pessoas. \u201cO Pernambuco Meu Pa\u00eds nasce do compromisso de garantir que a cultura seja um direito, n\u00e3o um privil\u00e9gio. A edi\u00e7\u00e3o de ver\u00e3o amplia esse alcance, leva diversidade art\u00edstica para perto das pessoas e fortalece a economia criativa. Estamos falando de um festival que gera trabalho, movimenta cidades e celebra a identidade do nosso povo\u201d, afirmou a titular da pasta.<\/p>\n<p>O evento re\u00fane artistas nacionais e nomes da cena pernambucana, celebrando a pot\u00eancia cultural do Estado. Entre os destaques, j\u00e1 est\u00e3o confirmados: Cordel do Fogo Encantado, Priscila Senna, Mago de Tarso, Claudia Leitte, Capital Inicial, Xam\u00e3, Hungria, Irah Caldeira, Duda Beat, Dilsinho, Lu\u00edsa Sonza, Bell Marques, Calcinha Preta, Banda Get\u00falio Cavalcanti, al\u00e9m da Escola de Samba Preto Velho e express\u00f5es de cultura popular como o Coco de Umbigada e a Orquestra de Frevo Zez\u00e9.<\/p>\n<p>A edi\u00e7\u00e3o de ver\u00e3o marca a expans\u00e3o de um projeto j\u00e1 consolidado. A edi\u00e7\u00e3o de inverno, que chegou ao seu segundo ano em 2025, movimentou mais de R$ 200 milh\u00f5es nas cidades por onde passou nos meses de julho, agosto e setembro, comprovando a for\u00e7a da cultura como vetor de desenvolvimento econ\u00f4mico e social.<\/p>\n<p>Programa\u00e7\u00e3o Pernambuco Meu Pa\u00eds Ver\u00e3o<\/p>\n<p>Camaragibe\/Aldeia<\/p>\n<p>05\/12 &#8211; sexta-feira<br \/>\nBanda de P\u00edfanos Zabumba do Mestre Chimba<br \/>\nIrah Caldeira<br \/>\nCristina Amaral<br \/>\nNadja Maia<br \/>\nLarissa Lisb\u00f4a<br \/>\nRa\u00ed Saia Rodada<br \/>\nTarc\u00edsio do Acordeon<br \/>\nDorgival Dantas<br \/>\nDJ Pedro Humberto nos intervalos <\/p>\n<p>06\/12 &#8211; s\u00e1bado<br \/>\nCoco dos Pretos<br \/>\nMago de Tarso<br \/>\nXam\u00e3<br \/>\nDuda Beat<br \/>\nLu\u00edsa Sonza<br \/>\nDJ Murilo Fran\u00e7a nos intervalos <\/p>\n<p>07\/12 &#8211; domingo<br \/>\nBanda Get\u00falio Cavalcanti<br \/>\nPriscilla Sena<br \/>\nMichelle Andrade<br \/>\nSentimentos<br \/>\nKitara<br \/>\nBrunessa<br \/>\nAmigas do Brega<br \/>\nDJ Kananda PX nos intervalos<\/p>\n<p>Recife<\/p>\n<p>12\/12 &#8211; sexta-feira<br \/>\nOrquestra de Frevo Zez\u00e9 Corr\u00eaa<br \/>\nEric Land<br \/>\nNatanzinho Lima<br \/>\nHenry Freitas<br \/>\nCalcinha Preta<br \/>\nDJ 440 nos intervalos <\/p>\n<p>13\/12 &#8211; s\u00e1bado<br \/>\nEscola de Samba Preto Velho<br \/>\nTaiguara<br \/>\nDilsinho<br \/>\nCl\u00e1udia Leitte<br \/>\nBell Marques<br \/>\nDJ Nadejda nos intervalos<\/p>\n<p>14\/12 &#8211; domingo<br \/>\nCoco de Umbigada<br \/>\nCordel do Fogo Encantado<br \/>\nManeva<br \/>\nHungria<br \/>\nCapital Inicial<br \/>\nDJ Big nos intervalos<\/p>\n<p>A programa\u00e7\u00e3o detalhada das etapas Jaboat\u00e3o dos Guararapes, S\u00e3o Jos\u00e9 da Coroa Grande e Itamarac\u00e1 ser\u00e1 divulgada em breve. Foto: Hes\u00edodo G\u00f3es\/Secom<br \/>\nSiga o Instagram @portaledvaldomagalhaes<\/p>\n","protected":false},"excerpt":{"rendered":"<p>O Governo de Pernambuco, por meio da Secretaria de Cultura (Secult-PE) e da Empetur, lan\u00e7a a primeira edi\u00e7\u00e3o do Pernambuco&hellip;<\/p>\n","protected":false},"author":1,"featured_media":125106,"comment_status":"closed","ping_status":"open","sticky":false,"template":"","format":"standard","meta":{"footnotes":""},"categories":[14120],"tags":[35379,13146,6,34634],"class_list":["post-125105","post","type-post","status-publish","format-standard","has-post-thumbnail","hentry","category-noticias","tag-1a-edicao-do-pernambuco-meu-pais-verao-sera-realizada-em-dezembro-e-janeiro","tag-blog-edvaldo-magalhaes","tag-noticias","tag-portal-edvaldo-magalhaes"],"_links":{"self":[{"href":"https:\/\/blogdoedvaldomagalhaes.com.br\/index.php\/wp-json\/wp\/v2\/posts\/125105","targetHints":{"allow":["GET"]}}],"collection":[{"href":"https:\/\/blogdoedvaldomagalhaes.com.br\/index.php\/wp-json\/wp\/v2\/posts"}],"about":[{"href":"https:\/\/blogdoedvaldomagalhaes.com.br\/index.php\/wp-json\/wp\/v2\/types\/post"}],"author":[{"embeddable":true,"href":"https:\/\/blogdoedvaldomagalhaes.com.br\/index.php\/wp-json\/wp\/v2\/users\/1"}],"replies":[{"embeddable":true,"href":"https:\/\/blogdoedvaldomagalhaes.com.br\/index.php\/wp-json\/wp\/v2\/comments?post=125105"}],"version-history":[{"count":1,"href":"https:\/\/blogdoedvaldomagalhaes.com.br\/index.php\/wp-json\/wp\/v2\/posts\/125105\/revisions"}],"predecessor-version":[{"id":125107,"href":"https:\/\/blogdoedvaldomagalhaes.com.br\/index.php\/wp-json\/wp\/v2\/posts\/125105\/revisions\/125107"}],"wp:featuredmedia":[{"embeddable":true,"href":"https:\/\/blogdoedvaldomagalhaes.com.br\/index.php\/wp-json\/wp\/v2\/media\/125106"}],"wp:attachment":[{"href":"https:\/\/blogdoedvaldomagalhaes.com.br\/index.php\/wp-json\/wp\/v2\/media?parent=125105"}],"wp:term":[{"taxonomy":"category","embeddable":true,"href":"https:\/\/blogdoedvaldomagalhaes.com.br\/index.php\/wp-json\/wp\/v2\/categories?post=125105"},{"taxonomy":"post_tag","embeddable":true,"href":"https:\/\/blogdoedvaldomagalhaes.com.br\/index.php\/wp-json\/wp\/v2\/tags?post=125105"}],"curies":[{"name":"wp","href":"https:\/\/api.w.org\/{rel}","templated":true}]}}