{"id":125101,"date":"2025-11-29T20:52:20","date_gmt":"2025-11-29T23:52:20","guid":{"rendered":"https:\/\/blogdoedvaldomagalhaes.com.br\/?p=125101"},"modified":"2025-11-29T20:52:20","modified_gmt":"2025-11-29T23:52:20","slug":"juntos-pela-seguranca-governadora-raquel-lyra-reforca-seguranca-de-pernambuco-com-a-formatura-de-148-novos-oficiais-da-pmpe","status":"publish","type":"post","link":"https:\/\/blogdoedvaldomagalhaes.com.br\/index.php\/2025\/11\/29\/juntos-pela-seguranca-governadora-raquel-lyra-reforca-seguranca-de-pernambuco-com-a-formatura-de-148-novos-oficiais-da-pmpe\/","title":{"rendered":"Juntos Pela Seguran\u00e7a: governadora Raquel Lyra refor\u00e7a seguran\u00e7a de Pernambuco com a formatura de 148 novos oficiais da PMPE"},"content":{"rendered":"<p>Com o objetivo de fortalecer as for\u00e7as de seguran\u00e7a p\u00fablica do Estado, a governadora Raquel Lyra comandou, nesta sexta-feira (28), a formatura de 148 novos oficiais da Pol\u00edcia Militar de Pernambuco (PMPE). A turma, composta por 117 homens e 31 mulheres, concluiu o Curso de Forma\u00e7\u00e3o de Oficiais (CFO), marcando um avan\u00e7o no recompletamento do efetivo da corpora\u00e7\u00e3o. A vice-governadora Priscila Krause participou da solenidade.<\/p>\n<p>\u201cMais um dia hist\u00f3rico para a seguran\u00e7a p\u00fablica de Pernambuco, quando entregamos 148 aspirantes a oficial que passaram 12 meses no curso de forma\u00e7\u00e3o. J\u00e1 nomeamos 2.300 pra\u00e7as e bombeiros militares, e hoje entregamos os l\u00edderes que ir\u00e3o comandar as tropas nas ruas. A partir da pr\u00f3xima semana, esses profissionais j\u00e1 estar\u00e3o atuando, ajudando a fazer de Pernambuco um Estado mais seguro. Estamos chegando ao fim do ano e n\u00e3o tenho d\u00favida de que eles contribuir\u00e3o para alcan\u00e7armos a maior redu\u00e7\u00e3o de criminalidade da nossa hist\u00f3ria, devolvendo a paz social ao nosso Estado\u201d, ressaltou da governadora Raquel Lyra. <\/p>\n<p>A cerim\u00f4nia aconteceu no Quartel do Comando Geral (QCG), no bairro do Derby, no Recife, e marcou a transi\u00e7\u00e3o dos formandos para o quadro efetivo da PMPE. Agora aspirantes a oficial, eles dever\u00e3o alcan\u00e7ar o posto de 2\u00ba tenente em seis meses, assumindo fun\u00e7\u00f5es de comando e gest\u00e3o em \u00e1reas operacionais e administrativas.<\/p>\n<p>\u201cPernambuco vive uma realidade in\u00e9dita, com a menor taxa de homic\u00eddios da sua hist\u00f3ria recente. J\u00e1 formamos e colocamos nas ruas 2.299 novos soldados. Esses profissionais precisam ser supervisionados, orientados e isso \u00e9 papel dos oficiais, que h\u00e1 muito tempo n\u00e3o eram formados\u201d, destacou o secret\u00e1rio de Defesa Social, Alessandro Carvalho.<\/p>\n<p>Durante a solenidade, os novos oficiais receberam a espada, um s\u00edmbolo da carreira, e devolveram o espadim, marcando o encerramento do ciclo formativo. O gesto refor\u00e7a o compromisso com a disciplina militar, a hierarquia e a defesa da sociedade pernambucana.<\/p>\n<p>O comandante-geral da Pol\u00edcia Militar de Pernambuco (PMPE), coronel Ivanildo Torres, destacou o impacto da forma\u00e7\u00e3o. \u201c\u00c9 um passo importante dentro do recompletamento do efetivo da Pol\u00edcia Militar de Pernambuco. Temos a segunda turma em forma\u00e7\u00e3o e a terceira com matr\u00edcula conclu\u00edda. Somando tr\u00eas turmas de oficiais e duas de soldados, teremos mais de 5.250 novos policiais militares entre este ano e 2026. N\u00e3o tem como fazer seguran\u00e7a p\u00fablica sem investimento em infraestrutura\u201d, afirmou. <\/p>\n<p>O primeiro colocado do CFO, o aspirante a oficial Raul V\u00edtor Andrade, natural de S\u00e3o Paulo e com fam\u00edlia no interior de Pernambuco, falou com emo\u00e7\u00e3o sobre o momento. \u201cForam anos de prepara\u00e7\u00e3o. Ver minha m\u00e3e aqui, presenciando a realiza\u00e7\u00e3o desse sonho, \u00e9 especial demais. Ser oficial da Pol\u00edcia Militar de um Estado t\u00e3o querido e tradicional como Pernambuco \u00e9 indescrit\u00edvel\u201d, celebrou.<\/p>\n<p>A nomea\u00e7\u00e3o dos novos policiais militares integra o Programa Juntos pela Seguran\u00e7a, que destina R$ 2,3 bilh\u00f5es \u00e0 seguran\u00e7a p\u00fablica de Pernambuco. Al\u00e9m dos novos oficiais formados, uma segunda turma j\u00e1 est\u00e1 em curso e uma terceira foi convocada, todas provenientes do concurso unificado de 2023, que prev\u00ea a inser\u00e7\u00e3o de mais de 7 mil novos servidores at\u00e9 2026.<\/p>\n<p>Acompanharam a solenidade os secret\u00e1rios estaduais coronel Herc\u00edlio Mamede (Chefe da Casa Militar) e Andr\u00e9 Teixeira Filho (Mobilidade e Infraestrutura); o secret\u00e1rio-executivo da Defesa Civil, Coronel Cl\u00f3vis Ramalho; o delegado-geral da Pol\u00edcia Civil, Felipe Monteiro; o comandante-geral do Corpo de Bombeiro Militar de Pernambuco, Francisco Cantarelli; al\u00e9m do vereador do Recife, Davi Muniz.<br \/>\nSiga o Instagram @portaledvaldomagalhaes<br \/>\nFoto: Jana\u00edna Pepeu\/Secom<\/p>\n","protected":false},"excerpt":{"rendered":"<p>Com o objetivo de fortalecer as for\u00e7as de seguran\u00e7a p\u00fablica do Estado, a governadora Raquel Lyra comandou, nesta sexta-feira (28),&hellip;<\/p>\n","protected":false},"author":1,"featured_media":125103,"comment_status":"closed","ping_status":"open","sticky":false,"template":"","format":"standard","meta":{"footnotes":""},"categories":[14121],"tags":[13146,3406,35378,34634],"class_list":["post-125101","post","type-post","status-publish","format-standard","has-post-thumbnail","hentry","category-policial","tag-blog-edvaldo-magalhaes","tag-caruaru","tag-juntos-pela-seguranca-governadora-raquel-lyra-reforca-seguranca-de-pernambuco-com-a-formatura-de-148-novos-oficiais-da-pmpe","tag-portal-edvaldo-magalhaes"],"_links":{"self":[{"href":"https:\/\/blogdoedvaldomagalhaes.com.br\/index.php\/wp-json\/wp\/v2\/posts\/125101","targetHints":{"allow":["GET"]}}],"collection":[{"href":"https:\/\/blogdoedvaldomagalhaes.com.br\/index.php\/wp-json\/wp\/v2\/posts"}],"about":[{"href":"https:\/\/blogdoedvaldomagalhaes.com.br\/index.php\/wp-json\/wp\/v2\/types\/post"}],"author":[{"embeddable":true,"href":"https:\/\/blogdoedvaldomagalhaes.com.br\/index.php\/wp-json\/wp\/v2\/users\/1"}],"replies":[{"embeddable":true,"href":"https:\/\/blogdoedvaldomagalhaes.com.br\/index.php\/wp-json\/wp\/v2\/comments?post=125101"}],"version-history":[{"count":2,"href":"https:\/\/blogdoedvaldomagalhaes.com.br\/index.php\/wp-json\/wp\/v2\/posts\/125101\/revisions"}],"predecessor-version":[{"id":125104,"href":"https:\/\/blogdoedvaldomagalhaes.com.br\/index.php\/wp-json\/wp\/v2\/posts\/125101\/revisions\/125104"}],"wp:featuredmedia":[{"embeddable":true,"href":"https:\/\/blogdoedvaldomagalhaes.com.br\/index.php\/wp-json\/wp\/v2\/media\/125103"}],"wp:attachment":[{"href":"https:\/\/blogdoedvaldomagalhaes.com.br\/index.php\/wp-json\/wp\/v2\/media?parent=125101"}],"wp:term":[{"taxonomy":"category","embeddable":true,"href":"https:\/\/blogdoedvaldomagalhaes.com.br\/index.php\/wp-json\/wp\/v2\/categories?post=125101"},{"taxonomy":"post_tag","embeddable":true,"href":"https:\/\/blogdoedvaldomagalhaes.com.br\/index.php\/wp-json\/wp\/v2\/tags?post=125101"}],"curies":[{"name":"wp","href":"https:\/\/api.w.org\/{rel}","templated":true}]}}