{"id":1251,"date":"2018-09-21T19:55:00","date_gmt":"2018-09-21T22:55:00","guid":{"rendered":"http:\/\/blogdoedvaldomagalhaes.com.br\/index.php\/2018\/09\/21\/suspeito-de-receptacao-de-baterias-e\/"},"modified":"2019-02-09T02:31:45","modified_gmt":"2019-02-09T04:31:45","slug":"suspeito-de-receptacao-de-baterias-e","status":"publish","type":"post","link":"https:\/\/blogdoedvaldomagalhaes.com.br\/index.php\/2018\/09\/21\/suspeito-de-receptacao-de-baterias-e\/","title":{"rendered":"Suspeito de recepta\u00e7\u00e3o de baterias \u00e9 detido em Caruaru"},"content":{"rendered":"<div class=\"separator\" style=\"clear: both; text-align: center;\">\n<a href=\"https:\/\/2.bp.blogspot.com\/-FnNs94420AU\/W6VMabPyhDI\/AAAAAAAA6YQ\/L1OKqUr5GCwclgjA453caWMXYwPPpsLbwCLcBGAs\/s1600\/baterias.jpg\" imageanchor=\"1\" style=\"margin-left: 1em; margin-right: 1em;\"><img loading=\"lazy\" decoding=\"async\" border=\"0\" data-original-height=\"372\" data-original-width=\"620\" height=\"384\" src=\"http:\/\/blogdoedvaldomagalhaes.com.br\/wp-content\/uploads\/2018\/09\/baterias.jpg\" width=\"640\" \/><\/a><\/div>\n<div class=\"separator\" style=\"clear: both; text-align: center;\">\nFoto: Pol\u00edcia Militar\/Divulga\u00e7\u00e3o<\/div>\n<p><\/p>\n<div style=\"text-align: justify;\">\nAtrav\u00e9s de informa\u00e7\u00f5es repassadas pelo Sargento Lobo Solit\u00e1rio do NIA, os policiais da GE4205 do 1\u00b0 BIEsp foram at\u00e9 a avenida Agamenon Magalh\u00e3es, no bairro Maur\u00edcio de Nassau, em Caruaru, onde o Lobo Solit\u00e1rio teria informado que algumas baterias da rede de alimenta\u00e7\u00e3o da empresa Oi, havia sido roubadas em Toritama na \u00faltima quarta feira (19), e uma delas estava com um chip de rastreamento.&nbsp;O qual indicava no bairro Maur\u00edcio de Nassau. Os policiais foram at\u00e9 o referido endere\u00e7o e ao tocar na campainha foram atendidos pela m\u00e3e do imputado que mostrou em sua garagem muitas baterias que seriam de seu filho de nome: Bayron Erickson Bezerra da Silva, 36 anos.<\/div>\n<div style=\"text-align: justify;\">\n<\/div>\n<div style=\"text-align: justify;\">\nOs policiais ligaram para o mesmo que prontamente chegou ao local e assumiu a propriedade das baterias, ligando para o rapaz que teria lhe vendido e marcado uma nova compra de baterias. Os policiais visualizaram uma lixadeira na garagem, e o imputado assumiu ter utilizado a mesma nas baterias a fim de tentar esconder a logomarca da empresa Oi.<\/div>\n<div style=\"text-align: justify;\">\n<\/div>\n<div style=\"text-align: justify;\">\nOs policiais conduziram o imputado juntamente com o material apreendido para a Delegacia de Plant\u00e3o, sendo 46 baterias, que totalizam um valor aproximado de R$ 50.000,00 e duas caixas com fios de cobre, al\u00e9m de uma lixadeira. O suspeito foi autuado em flagrante e ser\u00e1 apresentado na audi\u00eancia de cust\u00f3dia.<\/p>\n<\/div>\n","protected":false},"excerpt":{"rendered":"<p>Foto: Pol\u00edcia Militar\/Divulga\u00e7\u00e3o Atrav\u00e9s de informa\u00e7\u00f5es repassadas pelo Sargento Lobo Solit\u00e1rio do NIA, os policiais da GE4205 do 1\u00b0 BIEsp&hellip;<\/p>\n","protected":false},"author":1,"featured_media":0,"comment_status":"open","ping_status":"open","sticky":false,"template":"","format":"standard","meta":{"footnotes":""},"categories":[1],"tags":[2,13,1208],"class_list":["post-1251","post","type-post","status-publish","format-standard","hentry","category-sem-categoria","tag-blog-do-edvaldo-magalhaes","tag-policial","tag-suspeito-de-receptacao-de-baterias-e-detido-em-caruaru"],"_links":{"self":[{"href":"https:\/\/blogdoedvaldomagalhaes.com.br\/index.php\/wp-json\/wp\/v2\/posts\/1251","targetHints":{"allow":["GET"]}}],"collection":[{"href":"https:\/\/blogdoedvaldomagalhaes.com.br\/index.php\/wp-json\/wp\/v2\/posts"}],"about":[{"href":"https:\/\/blogdoedvaldomagalhaes.com.br\/index.php\/wp-json\/wp\/v2\/types\/post"}],"author":[{"embeddable":true,"href":"https:\/\/blogdoedvaldomagalhaes.com.br\/index.php\/wp-json\/wp\/v2\/users\/1"}],"replies":[{"embeddable":true,"href":"https:\/\/blogdoedvaldomagalhaes.com.br\/index.php\/wp-json\/wp\/v2\/comments?post=1251"}],"version-history":[{"count":1,"href":"https:\/\/blogdoedvaldomagalhaes.com.br\/index.php\/wp-json\/wp\/v2\/posts\/1251\/revisions"}],"predecessor-version":[{"id":34231,"href":"https:\/\/blogdoedvaldomagalhaes.com.br\/index.php\/wp-json\/wp\/v2\/posts\/1251\/revisions\/34231"}],"wp:attachment":[{"href":"https:\/\/blogdoedvaldomagalhaes.com.br\/index.php\/wp-json\/wp\/v2\/media?parent=1251"}],"wp:term":[{"taxonomy":"category","embeddable":true,"href":"https:\/\/blogdoedvaldomagalhaes.com.br\/index.php\/wp-json\/wp\/v2\/categories?post=1251"},{"taxonomy":"post_tag","embeddable":true,"href":"https:\/\/blogdoedvaldomagalhaes.com.br\/index.php\/wp-json\/wp\/v2\/tags?post=1251"}],"curies":[{"name":"wp","href":"https:\/\/api.w.org\/{rel}","templated":true}]}}