{"id":125098,"date":"2025-11-29T13:12:17","date_gmt":"2025-11-29T16:12:17","guid":{"rendered":"https:\/\/blogdoedvaldomagalhaes.com.br\/?p=125098"},"modified":"2025-11-29T13:12:17","modified_gmt":"2025-11-29T16:12:17","slug":"caruaru-realizara-a-i-caminhada-dezembro-vermelho-com-foco-na-prevencao-ao-hiv-aids","status":"publish","type":"post","link":"https:\/\/blogdoedvaldomagalhaes.com.br\/index.php\/2025\/11\/29\/caruaru-realizara-a-i-caminhada-dezembro-vermelho-com-foco-na-prevencao-ao-hiv-aids\/","title":{"rendered":"Caruaru realizar\u00e1 a I Caminhada Dezembro Vermelho com foco na preven\u00e7\u00e3o ao HIV\/AIDS"},"content":{"rendered":"<p>A Secretaria Municipal de Sa\u00fade de Caruaru promover\u00e1 nesta ter\u00e7a-feira (02.11), a I Caminhada Dezembro Vermelho, com o tema \u201cNascer sem HIV, viver sem AIDS\u201d. A concentra\u00e7\u00e3o ocorre a partir das 18h30, na Esta\u00e7\u00e3o Ferrovi\u00e1ria, reunindo profissionais de sa\u00fade, usu\u00e1rios e toda a popula\u00e7\u00e3o para refor\u00e7ar a import\u00e2ncia da preven\u00e7\u00e3o e do cuidado.<\/p>\n<p>A iniciativa integra as a\u00e7\u00f5es municipais da campanha Dezembro Vermelho, m\u00eas dedicado \u00e0 conscientiza\u00e7\u00e3o sobre o HIV\/AIDS. O objetivo \u00e9 incentivar h\u00e1bitos de vida saud\u00e1veis, ampliar o acesso \u00e0 informa\u00e7\u00e3o e fortalecer as orienta\u00e7\u00f5es sobre preven\u00e7\u00e3o, diagn\u00f3stico e tratamento, al\u00e9m de combater o estigma e o preconceito vivenciados pelas Pessoas Vivendo com HIV\/AIDS (PVHA).<\/p>\n<p>Durante a caminhada, ser\u00e3o refor\u00e7adas mensagens de acolhimento, cuidado e promo\u00e7\u00e3o da sa\u00fade, destacando a import\u00e2ncia do diagn\u00f3stico precoce e do acesso aos servi\u00e7os ofertados pela rede municipal. Card: Divulga\u00e7\u00e3o<br \/>\nSeja seguidor do Instagram @portaledvaldomagalhaes<\/p>\n","protected":false},"excerpt":{"rendered":"<p>A Secretaria Municipal de Sa\u00fade de Caruaru promover\u00e1 nesta ter\u00e7a-feira (02.11), a I Caminhada Dezembro Vermelho, com o tema \u201cNascer&hellip;<\/p>\n","protected":false},"author":1,"featured_media":125099,"comment_status":"closed","ping_status":"open","sticky":false,"template":"","format":"standard","meta":{"footnotes":""},"categories":[14120],"tags":[13146,35377,34634],"class_list":["post-125098","post","type-post","status-publish","format-standard","has-post-thumbnail","hentry","category-noticias","tag-blog-edvaldo-magalhaes","tag-caruaru-realizara-a-i-caminhada-dezembro-vermelho-com-foco-na-prevencao-ao-hiv-aids","tag-portal-edvaldo-magalhaes"],"_links":{"self":[{"href":"https:\/\/blogdoedvaldomagalhaes.com.br\/index.php\/wp-json\/wp\/v2\/posts\/125098","targetHints":{"allow":["GET"]}}],"collection":[{"href":"https:\/\/blogdoedvaldomagalhaes.com.br\/index.php\/wp-json\/wp\/v2\/posts"}],"about":[{"href":"https:\/\/blogdoedvaldomagalhaes.com.br\/index.php\/wp-json\/wp\/v2\/types\/post"}],"author":[{"embeddable":true,"href":"https:\/\/blogdoedvaldomagalhaes.com.br\/index.php\/wp-json\/wp\/v2\/users\/1"}],"replies":[{"embeddable":true,"href":"https:\/\/blogdoedvaldomagalhaes.com.br\/index.php\/wp-json\/wp\/v2\/comments?post=125098"}],"version-history":[{"count":1,"href":"https:\/\/blogdoedvaldomagalhaes.com.br\/index.php\/wp-json\/wp\/v2\/posts\/125098\/revisions"}],"predecessor-version":[{"id":125100,"href":"https:\/\/blogdoedvaldomagalhaes.com.br\/index.php\/wp-json\/wp\/v2\/posts\/125098\/revisions\/125100"}],"wp:featuredmedia":[{"embeddable":true,"href":"https:\/\/blogdoedvaldomagalhaes.com.br\/index.php\/wp-json\/wp\/v2\/media\/125099"}],"wp:attachment":[{"href":"https:\/\/blogdoedvaldomagalhaes.com.br\/index.php\/wp-json\/wp\/v2\/media?parent=125098"}],"wp:term":[{"taxonomy":"category","embeddable":true,"href":"https:\/\/blogdoedvaldomagalhaes.com.br\/index.php\/wp-json\/wp\/v2\/categories?post=125098"},{"taxonomy":"post_tag","embeddable":true,"href":"https:\/\/blogdoedvaldomagalhaes.com.br\/index.php\/wp-json\/wp\/v2\/tags?post=125098"}],"curies":[{"name":"wp","href":"https:\/\/api.w.org\/{rel}","templated":true}]}}