{"id":125095,"date":"2025-11-29T12:37:48","date_gmt":"2025-11-29T15:37:48","guid":{"rendered":"https:\/\/blogdoedvaldomagalhaes.com.br\/?p=125095"},"modified":"2025-11-29T12:37:48","modified_gmt":"2025-11-29T15:37:48","slug":"apos-fuga-pela-contramao-carro-roubado-e-recuperado-pela-prf-na-br-232","status":"publish","type":"post","link":"https:\/\/blogdoedvaldomagalhaes.com.br\/index.php\/2025\/11\/29\/apos-fuga-pela-contramao-carro-roubado-e-recuperado-pela-prf-na-br-232\/","title":{"rendered":"Ap\u00f3s fuga pela contram\u00e3o, carro roubado \u00e9 recuperado pela PRF na BR 232"},"content":{"rendered":"<p>Um carro roubado h\u00e1 20 dias no Recife foi recuperado na sexta-feira (28.11), pela Pol\u00edcia Rodovi\u00e1ria Federal (PRF), na BR 232, em Belo Jardim, no Agreste pernambucano.<\/p>\n<p>Policiais avistaram o motorista de um carro realizando uma ultrapassagem em local proibido e deram ordem de parada, mas o condutor desobedeceu e acelerou o ve\u00edculo. Ap\u00f3s transitar pela contram\u00e3o e dirigir de forma perigosa, o condutor e o passageiro desembarcaram do ve\u00edculo e fugiram a p\u00e9.<\/p>\n<p>O passageiro foi alcan\u00e7ado e admitiu que o carro era dele. O homem relatou que havia adquirido o ve\u00edculo por R$20 mil, a partir de um an\u00fancio em rede social, mas n\u00e3o soube informar o nome do vendedor.<\/p>\n<p>Em consulta, a equipe identificou diversos sinais de adultera\u00e7\u00e3o e um registro de roubo.<\/p>\n<p>O homem foi encaminhado junto com o carro \u00e0 Delegacia de Pol\u00edcia Civil de Belo Jardim. Ele poder\u00e1 responder por recepta\u00e7\u00e3o e adultera\u00e7\u00e3o de sinal identificador de ve\u00edculo.<br \/>\nSiga o Instagram @portaledvaldomagalhaes<br \/>\nFoto: Divulga\u00e7\u00e3o <\/p>\n","protected":false},"excerpt":{"rendered":"<p>Um carro roubado h\u00e1 20 dias no Recife foi recuperado na sexta-feira (28.11), pela Pol\u00edcia Rodovi\u00e1ria Federal (PRF), na BR&hellip;<\/p>\n","protected":false},"author":1,"featured_media":125096,"comment_status":"closed","ping_status":"open","sticky":false,"template":"","format":"standard","meta":{"footnotes":""},"categories":[14121],"tags":[35376,13146,34634],"class_list":["post-125095","post","type-post","status-publish","format-standard","has-post-thumbnail","hentry","category-policial","tag-apos-fuga-pela-contramao-carro-roubado-e-recuperado-pela-prf-na-br-232","tag-blog-edvaldo-magalhaes","tag-portal-edvaldo-magalhaes"],"_links":{"self":[{"href":"https:\/\/blogdoedvaldomagalhaes.com.br\/index.php\/wp-json\/wp\/v2\/posts\/125095","targetHints":{"allow":["GET"]}}],"collection":[{"href":"https:\/\/blogdoedvaldomagalhaes.com.br\/index.php\/wp-json\/wp\/v2\/posts"}],"about":[{"href":"https:\/\/blogdoedvaldomagalhaes.com.br\/index.php\/wp-json\/wp\/v2\/types\/post"}],"author":[{"embeddable":true,"href":"https:\/\/blogdoedvaldomagalhaes.com.br\/index.php\/wp-json\/wp\/v2\/users\/1"}],"replies":[{"embeddable":true,"href":"https:\/\/blogdoedvaldomagalhaes.com.br\/index.php\/wp-json\/wp\/v2\/comments?post=125095"}],"version-history":[{"count":1,"href":"https:\/\/blogdoedvaldomagalhaes.com.br\/index.php\/wp-json\/wp\/v2\/posts\/125095\/revisions"}],"predecessor-version":[{"id":125097,"href":"https:\/\/blogdoedvaldomagalhaes.com.br\/index.php\/wp-json\/wp\/v2\/posts\/125095\/revisions\/125097"}],"wp:featuredmedia":[{"embeddable":true,"href":"https:\/\/blogdoedvaldomagalhaes.com.br\/index.php\/wp-json\/wp\/v2\/media\/125096"}],"wp:attachment":[{"href":"https:\/\/blogdoedvaldomagalhaes.com.br\/index.php\/wp-json\/wp\/v2\/media?parent=125095"}],"wp:term":[{"taxonomy":"category","embeddable":true,"href":"https:\/\/blogdoedvaldomagalhaes.com.br\/index.php\/wp-json\/wp\/v2\/categories?post=125095"},{"taxonomy":"post_tag","embeddable":true,"href":"https:\/\/blogdoedvaldomagalhaes.com.br\/index.php\/wp-json\/wp\/v2\/tags?post=125095"}],"curies":[{"name":"wp","href":"https:\/\/api.w.org\/{rel}","templated":true}]}}