{"id":125092,"date":"2025-11-29T12:28:29","date_gmt":"2025-11-29T15:28:29","guid":{"rendered":"https:\/\/blogdoedvaldomagalhaes.com.br\/?p=125092"},"modified":"2025-11-29T12:28:29","modified_gmt":"2025-11-29T15:28:29","slug":"compesa-retoma-testes-da-inversao-da-adutora-de-jucazinho","status":"publish","type":"post","link":"https:\/\/blogdoedvaldomagalhaes.com.br\/index.php\/2025\/11\/29\/compesa-retoma-testes-da-inversao-da-adutora-de-jucazinho\/","title":{"rendered":"Compesa retoma testes da invers\u00e3o da Adutora de Jucazinho"},"content":{"rendered":"<p>A Compesa retomou na sexta-feira (28.11), os testes da invers\u00e3o da adutora de Jucazinho para levar \u00e1gua do Rio S\u00e3o Francisco para os munic\u00edpios de Riacho das Almas, Cumaru Passira e zona rural de Caruaru. Essa etpa havia sido suspensa, na \u00faltima ter\u00e7a-feira (25), ap\u00f3s um vazamento em trecho da tubula\u00e7\u00e3o na Rua Clara Nunes, no bairro S\u00e3o Jo\u00e3o da Esc\u00f3cia, em Caruaru, por onde passa a adutora.<\/p>\n<p>A meta da Compesa \u00e9 que essa primeira fase de testes at\u00e9 Riacho das Almas tenha andamento pelos pr\u00f3ximos 15 dias. Na sequ\u00eancia, entrar\u00e1 em testes o trecho Cumaru-Passira. A obra da invers\u00e3o da adutora de Jucazinho foi a solu\u00e7\u00e3o t\u00e9cnica encontrada pela Compesa para garantir o abastecimento dos munic\u00edpios de Riacho das Almas, Cumaru, Passira e zona rural de Caruaru diante do colapso iminente da barragem, que est\u00e1 com apenas 1,11% de sua capacidade total. <\/p>\n<p>A Compesa investiu R$ 4 milh\u00f5es na obra. Foram trocados 1.100 metros de tubula\u00e7\u00f5es antigas da adutora de Jucazinho nas ruas San Marino e Clara Nunes, em Caruaru, al\u00e9m da implanta\u00e7\u00e3o de uma elevat\u00f3ria (sistema de bombeamento) na ETA Salgado, em Caruaru, para bombear a \u00e1gua do Rio S\u00e3o Francisco at\u00e9 Riacho das Almas. Al\u00e9m disso, foram instalados seis dispositivos e 13 ventosas para controlar melhor as press\u00f5es da \u00e1gua e ainda foi implantado uma v\u00e1lvula de reten\u00e7\u00e3o para dar uma seguran\u00e7a adicional ao sistema. Foto: Divulga\u00e7\u00e3o<br \/>\nSiga o Instagram @portaledvaldomagalhaes<\/p>\n","protected":false},"excerpt":{"rendered":"<p>A Compesa retomou na sexta-feira (28.11), os testes da invers\u00e3o da adutora de Jucazinho para levar \u00e1gua do Rio S\u00e3o&hellip;<\/p>\n","protected":false},"author":1,"featured_media":125093,"comment_status":"closed","ping_status":"open","sticky":false,"template":"","format":"standard","meta":{"footnotes":""},"categories":[14120],"tags":[13146,3406,35375,6,34634],"class_list":["post-125092","post","type-post","status-publish","format-standard","has-post-thumbnail","hentry","category-noticias","tag-blog-edvaldo-magalhaes","tag-caruaru","tag-compesa-retoma-testes-da-inversao-da-adutora-de-jucazinho","tag-noticias","tag-portal-edvaldo-magalhaes"],"_links":{"self":[{"href":"https:\/\/blogdoedvaldomagalhaes.com.br\/index.php\/wp-json\/wp\/v2\/posts\/125092","targetHints":{"allow":["GET"]}}],"collection":[{"href":"https:\/\/blogdoedvaldomagalhaes.com.br\/index.php\/wp-json\/wp\/v2\/posts"}],"about":[{"href":"https:\/\/blogdoedvaldomagalhaes.com.br\/index.php\/wp-json\/wp\/v2\/types\/post"}],"author":[{"embeddable":true,"href":"https:\/\/blogdoedvaldomagalhaes.com.br\/index.php\/wp-json\/wp\/v2\/users\/1"}],"replies":[{"embeddable":true,"href":"https:\/\/blogdoedvaldomagalhaes.com.br\/index.php\/wp-json\/wp\/v2\/comments?post=125092"}],"version-history":[{"count":1,"href":"https:\/\/blogdoedvaldomagalhaes.com.br\/index.php\/wp-json\/wp\/v2\/posts\/125092\/revisions"}],"predecessor-version":[{"id":125094,"href":"https:\/\/blogdoedvaldomagalhaes.com.br\/index.php\/wp-json\/wp\/v2\/posts\/125092\/revisions\/125094"}],"wp:featuredmedia":[{"embeddable":true,"href":"https:\/\/blogdoedvaldomagalhaes.com.br\/index.php\/wp-json\/wp\/v2\/media\/125093"}],"wp:attachment":[{"href":"https:\/\/blogdoedvaldomagalhaes.com.br\/index.php\/wp-json\/wp\/v2\/media?parent=125092"}],"wp:term":[{"taxonomy":"category","embeddable":true,"href":"https:\/\/blogdoedvaldomagalhaes.com.br\/index.php\/wp-json\/wp\/v2\/categories?post=125092"},{"taxonomy":"post_tag","embeddable":true,"href":"https:\/\/blogdoedvaldomagalhaes.com.br\/index.php\/wp-json\/wp\/v2\/tags?post=125092"}],"curies":[{"name":"wp","href":"https:\/\/api.w.org\/{rel}","templated":true}]}}