{"id":125089,"date":"2025-11-29T11:50:40","date_gmt":"2025-11-29T14:50:40","guid":{"rendered":"https:\/\/blogdoedvaldomagalhaes.com.br\/?p=125089"},"modified":"2025-11-29T11:50:40","modified_gmt":"2025-11-29T14:50:40","slug":"casa-dos-pobres-lanca-arvore-de-natal-de-pedidos-para-idosos","status":"publish","type":"post","link":"https:\/\/blogdoedvaldomagalhaes.com.br\/index.php\/2025\/11\/29\/casa-dos-pobres-lanca-arvore-de-natal-de-pedidos-para-idosos\/","title":{"rendered":"Casa dos Pobres lan\u00e7a \u00e1rvore de Natal de pedidos para idosos"},"content":{"rendered":"<p>A \u00e1rvore dos pedidos dos idosos da Casa dos Pobres S\u00e3o Francisco de Assis j\u00e1 est\u00e1 montada e os pedidos deles j\u00e1 est\u00e3o l\u00e1. Voc\u00ea pode escolher qual pedido deseja atender e levar o presente, que ser\u00e1 entregue a cada um deles no dia de Natal, 25 de dezembro.  Os presentes devem ser entregues na Casa , no Servi\u00e7o Social.<\/p>\n<p>Os pedidos dos moradores s\u00e3o os mais variados, e v\u00e3o desde perfume, rel\u00f3gio, sand\u00e1lia, r\u00e1dio de pilha e roupas a itens de higiene pessoal.<\/p>\n<p>Por isso, n\u00e3o esquece de fazer os idosos da Casa dos Pobres mais feliz neste Natal.<\/p>\n<p>Mais informa\u00e7\u00e3o com o Servi\u00e7o Social  pelo telefone<br \/>\n(81 99404-8393) ou pelo fixo 8137214325.<br \/>\nSiga o Instagram @portaledvaldomagalhaes<br \/>\nFoto: Divulga\u00e7\u00e3o <\/p>\n","protected":false},"excerpt":{"rendered":"<p>A \u00e1rvore dos pedidos dos idosos da Casa dos Pobres S\u00e3o Francisco de Assis j\u00e1 est\u00e1 montada e os pedidos&hellip;<\/p>\n","protected":false},"author":1,"featured_media":125090,"comment_status":"closed","ping_status":"open","sticky":false,"template":"","format":"standard","meta":{"footnotes":""},"categories":[14120],"tags":[13146,35374,34634],"class_list":["post-125089","post","type-post","status-publish","format-standard","has-post-thumbnail","hentry","category-noticias","tag-blog-edvaldo-magalhaes","tag-casa-dos-pobres-lanca-arvore-de-natal-de-pedidos-para-idosos","tag-portal-edvaldo-magalhaes"],"_links":{"self":[{"href":"https:\/\/blogdoedvaldomagalhaes.com.br\/index.php\/wp-json\/wp\/v2\/posts\/125089","targetHints":{"allow":["GET"]}}],"collection":[{"href":"https:\/\/blogdoedvaldomagalhaes.com.br\/index.php\/wp-json\/wp\/v2\/posts"}],"about":[{"href":"https:\/\/blogdoedvaldomagalhaes.com.br\/index.php\/wp-json\/wp\/v2\/types\/post"}],"author":[{"embeddable":true,"href":"https:\/\/blogdoedvaldomagalhaes.com.br\/index.php\/wp-json\/wp\/v2\/users\/1"}],"replies":[{"embeddable":true,"href":"https:\/\/blogdoedvaldomagalhaes.com.br\/index.php\/wp-json\/wp\/v2\/comments?post=125089"}],"version-history":[{"count":1,"href":"https:\/\/blogdoedvaldomagalhaes.com.br\/index.php\/wp-json\/wp\/v2\/posts\/125089\/revisions"}],"predecessor-version":[{"id":125091,"href":"https:\/\/blogdoedvaldomagalhaes.com.br\/index.php\/wp-json\/wp\/v2\/posts\/125089\/revisions\/125091"}],"wp:featuredmedia":[{"embeddable":true,"href":"https:\/\/blogdoedvaldomagalhaes.com.br\/index.php\/wp-json\/wp\/v2\/media\/125090"}],"wp:attachment":[{"href":"https:\/\/blogdoedvaldomagalhaes.com.br\/index.php\/wp-json\/wp\/v2\/media?parent=125089"}],"wp:term":[{"taxonomy":"category","embeddable":true,"href":"https:\/\/blogdoedvaldomagalhaes.com.br\/index.php\/wp-json\/wp\/v2\/categories?post=125089"},{"taxonomy":"post_tag","embeddable":true,"href":"https:\/\/blogdoedvaldomagalhaes.com.br\/index.php\/wp-json\/wp\/v2\/tags?post=125089"}],"curies":[{"name":"wp","href":"https:\/\/api.w.org\/{rel}","templated":true}]}}