{"id":125086,"date":"2025-11-29T11:04:30","date_gmt":"2025-11-29T14:04:30","guid":{"rendered":"https:\/\/blogdoedvaldomagalhaes.com.br\/?p=125086"},"modified":"2025-11-29T11:04:30","modified_gmt":"2025-11-29T14:04:30","slug":"governo-de-pernambuco-lanca-novo-edital-para-fomento-de-38-cozinhas-solidarias-no-estado","status":"publish","type":"post","link":"https:\/\/blogdoedvaldomagalhaes.com.br\/index.php\/2025\/11\/29\/governo-de-pernambuco-lanca-novo-edital-para-fomento-de-38-cozinhas-solidarias-no-estado\/","title":{"rendered":"Governo de Pernambuco lan\u00e7a novo edital para fomento de 38 Cozinhas Solid\u00e1rias no Estado"},"content":{"rendered":"<p><span style=\"font-size: revert;\">O Governo de Pernambuco publicou, no Di\u00e1rio Oficial deste s\u00e1bado (29), o novo Edital de Chamamento P\u00fablico n\u00ba 006\/2025, que vai selecionar Organiza\u00e7\u00f5es da Sociedade Civil (OSCs) para implanta\u00e7\u00e3o e fomento de at\u00e9 38 novas Cozinhas Solid\u00e1rias em todas as regi\u00f5es do Estado. Lan\u00e7ado pela Secretaria de Assist\u00eancia Social, Combate \u00e0 Fome e Pol\u00edticas sobre Drogas (SAS\/PE), a iniciativa, que conta com investimentos de R$ 4,9 milh\u00f5es, amplia a rede de equipamentos voltados ao enfrentamento da fome e ao fortalecimento da seguran\u00e7a alimentar em Pernambuco.<\/span><\/p>\n<p>\u201cAo ampliar a rede de Cozinhas Solid\u00e1rias, reafirmamos nosso compromisso de garantir que cada pernambucano tenha acesso a uma alimenta\u00e7\u00e3o de qualidade e \u00e0 dignidade que merece. Com essas 38 novas unidades, somadas \u00e0s 62 anunciadas anteriormente, o Estado chegar\u00e1 \u00e0s 100 Cozinhas Solid\u00e1rias previstas nos editais, totalizando um investimento de R$ 12,96 milh\u00f5es. Esses equipamentos comunit\u00e1rios oferecem refei\u00e7\u00f5es gratuitas para quem vive em situa\u00e7\u00e3o de vulnerabilidade e inseguran\u00e7a alimentar, fortalecendo a nossa rede de prote\u00e7\u00e3o social e assegurando o acesso regular \u00e0 alimenta\u00e7\u00e3o adequada\u201d, destacou a governadora Raquel Lyra.<\/p>\n<p>O cronograma do edital prev\u00ea a an\u00e1lise dos projetos entre 2 de janeiro e 1\u00ba de fevereiro de 2026, com divulga\u00e7\u00e3o dos resultados preliminares e prazo para recursos. Com investimento total previsto de R$ 4,9 milh\u00f5es, os repasses variam de R$ 129,6 mil (uma unidade) a R$ 1,29 milh\u00e3o (dez unidades), para execu\u00e7\u00e3o ao longo de 12 meses. N\u00e3o ser\u00e1 exigida contrapartida das organiza\u00e7\u00f5es participantes. O edital est\u00e1 dispon\u00edvel para consulta no site da Secretaria: www.sas.pe.gov.br<\/p>\n<p>O secret\u00e1rio de Assist\u00eancia Social, Combate \u00e0 Fome e Pol\u00edticas sobre Drogas, Carlos Braga, ressaltou que o Estado trabalha para ampliar ainda mais a rede de prote\u00e7\u00e3o alimentar. \u201cQueremos chegar a 100 Cozinhas Solid\u00e1rias fomentadas pelo Estado, que, somadas \u00e0 nossa rede de cozinhas comunit\u00e1rias, ir\u00e3o garantir ainda mais dignidade \u00e0 mesa de quem mais precisa\u201d, afirmou o titular da pasta.<\/p>\n<p>Este \u00e9 o segundo edital voltado para institui\u00e7\u00f5es geridas por OSCs no Bom Prato. No in\u00edcio de novembro, as entidades selecionadas pelo edital anterior \u2014 que contemplou 62 cozinhas solid\u00e1rias \u2014 assinaram seus Termos de Fomento no Pal\u00e1cio do Campo das Princesas, ao lado da governadora Raquel Lyra, refor\u00e7ando o compromisso do Estado com a amplia\u00e7\u00e3o das estrat\u00e9gias de enfrentamento \u00e0 fome em Pernambuco.<\/p>\n<p>Podem participar do processo entidades privadas sem fins lucrativos com, no m\u00ednimo, dois anos de exist\u00eancia, sede em Pernambuco e experi\u00eancia comprovada na \u00e1rea de seguran\u00e7a alimentar e nutricional. Cada organiza\u00e7\u00e3o poder\u00e1 apresentar apenas uma proposta, contemplando entre uma e dez unidades de cozinhas solid\u00e1rias previamente cadastradas no sistema Cozinha Solid\u00e1ria Digital. As inscri\u00e7\u00f5es devem ser feitas por formul\u00e1rio eletr\u00f4nico entre 1\u00ba e 31 de dezembro de 2025. <span style=\"font-size: revert;\">Foto: Hes\u00edodo G\u00f3es\/Secom.<br \/>\nSiga o Instagram @portaledvaldomagalhaes<\/span><\/p>\n","protected":false},"excerpt":{"rendered":"<p>O Governo de Pernambuco publicou, no Di\u00e1rio Oficial deste s\u00e1bado (29), o novo Edital de Chamamento P\u00fablico n\u00ba 006\/2025, que&hellip;<\/p>\n","protected":false},"author":1,"featured_media":125087,"comment_status":"closed","ping_status":"open","sticky":false,"template":"","format":"standard","meta":{"footnotes":""},"categories":[14122],"tags":[13146,20,34634,1229],"class_list":["post-125086","post","type-post","status-publish","format-standard","has-post-thumbnail","hentry","category-politica","tag-blog-edvaldo-magalhaes","tag-politica","tag-portal-edvaldo-magalhaes","tag-raquel-lyra"],"_links":{"self":[{"href":"https:\/\/blogdoedvaldomagalhaes.com.br\/index.php\/wp-json\/wp\/v2\/posts\/125086","targetHints":{"allow":["GET"]}}],"collection":[{"href":"https:\/\/blogdoedvaldomagalhaes.com.br\/index.php\/wp-json\/wp\/v2\/posts"}],"about":[{"href":"https:\/\/blogdoedvaldomagalhaes.com.br\/index.php\/wp-json\/wp\/v2\/types\/post"}],"author":[{"embeddable":true,"href":"https:\/\/blogdoedvaldomagalhaes.com.br\/index.php\/wp-json\/wp\/v2\/users\/1"}],"replies":[{"embeddable":true,"href":"https:\/\/blogdoedvaldomagalhaes.com.br\/index.php\/wp-json\/wp\/v2\/comments?post=125086"}],"version-history":[{"count":1,"href":"https:\/\/blogdoedvaldomagalhaes.com.br\/index.php\/wp-json\/wp\/v2\/posts\/125086\/revisions"}],"predecessor-version":[{"id":125088,"href":"https:\/\/blogdoedvaldomagalhaes.com.br\/index.php\/wp-json\/wp\/v2\/posts\/125086\/revisions\/125088"}],"wp:featuredmedia":[{"embeddable":true,"href":"https:\/\/blogdoedvaldomagalhaes.com.br\/index.php\/wp-json\/wp\/v2\/media\/125087"}],"wp:attachment":[{"href":"https:\/\/blogdoedvaldomagalhaes.com.br\/index.php\/wp-json\/wp\/v2\/media?parent=125086"}],"wp:term":[{"taxonomy":"category","embeddable":true,"href":"https:\/\/blogdoedvaldomagalhaes.com.br\/index.php\/wp-json\/wp\/v2\/categories?post=125086"},{"taxonomy":"post_tag","embeddable":true,"href":"https:\/\/blogdoedvaldomagalhaes.com.br\/index.php\/wp-json\/wp\/v2\/tags?post=125086"}],"curies":[{"name":"wp","href":"https:\/\/api.w.org\/{rel}","templated":true}]}}