{"id":125082,"date":"2025-11-28T14:44:49","date_gmt":"2025-11-28T17:44:49","guid":{"rendered":"https:\/\/blogdoedvaldomagalhaes.com.br\/?p=125082"},"modified":"2025-11-28T14:44:49","modified_gmt":"2025-11-28T17:44:49","slug":"em-congresso-nacional-de-vereadores-rodrigo-pinheiro-defende-ampliacao-da-presenca-feminina-nos-espacos-de-poder","status":"publish","type":"post","link":"https:\/\/blogdoedvaldomagalhaes.com.br\/index.php\/2025\/11\/28\/em-congresso-nacional-de-vereadores-rodrigo-pinheiro-defende-ampliacao-da-presenca-feminina-nos-espacos-de-poder\/","title":{"rendered":"Em Congresso Nacional de Vereadores, Rodrigo Pinheiro defende amplia\u00e7\u00e3o da presen\u00e7a feminina nos espa\u00e7os de poder"},"content":{"rendered":"<p>O prefeito de Caruaru, Rodrigo Pinheiro, participou, na manh\u00e3 desta sexta-feira (28.11), da abertura do 1\u00b0 Congresso Nacional de Vereadoras, Vereadores e Agentes P\u00fablicos, realizado no audit\u00f3rio da Secretaria de Educa\u00e7\u00e3o. O evento, promovido pela Associa\u00e7\u00e3o Nacional dos Vereadores (ANV), re\u00fane representantes de v\u00e1rios estados e marca a cria\u00e7\u00e3o de uma nova associa\u00e7\u00e3o voltada ao fortalecimento do legislativo municipal.<\/p>\n<p>Em seu discurso, Rodrigo defendeu o aumento da presen\u00e7a feminina nos espa\u00e7os de poder. Ele lembrou que, em Caruaru, metade do primeiro escal\u00e3o \u00e9 composto por mulheres e cerca de 75% do quadro da Prefeitura \u00e9 feminino. \u201cAs mulheres precisam estar presentes, de fato, no Legislativo, no Judici\u00e1rio, no Executivo e em todos os poderes. Aqui, fazemos esse compromisso valer na pr\u00e1tica\u201d, disse.<\/p>\n<p>Rodrigo mencionou ainda a import\u00e2ncia de discutir regras do sistema proporcional e temas ligados \u00e0 representatividade. \u201cS\u00f3 com debate franco conseguimos melhorar o sistema e valorizar ainda mais o trabalho dos vereadores e vereadoras\u201d, pontuou. Ao final, desejou um bom evento aos participantes. \u201cQue seja um grande congresso, com medidas assertivas e resultados melhores para a popula\u00e7\u00e3o. Que a democracia sempre ven\u00e7a\u201d, concluiu.<br \/>\nSiga o Instagram @portaledvaldomagalhaes<br \/>\nFoto: Rafael Moreira <\/p>\n","protected":false},"excerpt":{"rendered":"<p>O prefeito de Caruaru, Rodrigo Pinheiro, participou, na manh\u00e3 desta sexta-feira (28.11), da abertura do 1\u00b0 Congresso Nacional de Vereadoras,&hellip;<\/p>\n","protected":false},"author":1,"featured_media":125084,"comment_status":"closed","ping_status":"open","sticky":false,"template":"","format":"standard","meta":{"footnotes":""},"categories":[14122],"tags":[13146,35372,20,34634,35373],"class_list":["post-125082","post","type-post","status-publish","format-standard","has-post-thumbnail","hentry","category-politica","tag-blog-edvaldo-magalhaes","tag-em-congresso-nacional-de-vereadores","tag-politica","tag-portal-edvaldo-magalhaes","tag-rodrigo-pinheiro-defende-ampliacao-da-presenca-feminina-nos-espacos-de-poder"],"_links":{"self":[{"href":"https:\/\/blogdoedvaldomagalhaes.com.br\/index.php\/wp-json\/wp\/v2\/posts\/125082","targetHints":{"allow":["GET"]}}],"collection":[{"href":"https:\/\/blogdoedvaldomagalhaes.com.br\/index.php\/wp-json\/wp\/v2\/posts"}],"about":[{"href":"https:\/\/blogdoedvaldomagalhaes.com.br\/index.php\/wp-json\/wp\/v2\/types\/post"}],"author":[{"embeddable":true,"href":"https:\/\/blogdoedvaldomagalhaes.com.br\/index.php\/wp-json\/wp\/v2\/users\/1"}],"replies":[{"embeddable":true,"href":"https:\/\/blogdoedvaldomagalhaes.com.br\/index.php\/wp-json\/wp\/v2\/comments?post=125082"}],"version-history":[{"count":2,"href":"https:\/\/blogdoedvaldomagalhaes.com.br\/index.php\/wp-json\/wp\/v2\/posts\/125082\/revisions"}],"predecessor-version":[{"id":125085,"href":"https:\/\/blogdoedvaldomagalhaes.com.br\/index.php\/wp-json\/wp\/v2\/posts\/125082\/revisions\/125085"}],"wp:featuredmedia":[{"embeddable":true,"href":"https:\/\/blogdoedvaldomagalhaes.com.br\/index.php\/wp-json\/wp\/v2\/media\/125084"}],"wp:attachment":[{"href":"https:\/\/blogdoedvaldomagalhaes.com.br\/index.php\/wp-json\/wp\/v2\/media?parent=125082"}],"wp:term":[{"taxonomy":"category","embeddable":true,"href":"https:\/\/blogdoedvaldomagalhaes.com.br\/index.php\/wp-json\/wp\/v2\/categories?post=125082"},{"taxonomy":"post_tag","embeddable":true,"href":"https:\/\/blogdoedvaldomagalhaes.com.br\/index.php\/wp-json\/wp\/v2\/tags?post=125082"}],"curies":[{"name":"wp","href":"https:\/\/api.w.org\/{rel}","templated":true}]}}