{"id":125077,"date":"2025-11-28T14:37:35","date_gmt":"2025-11-28T17:37:35","guid":{"rendered":"https:\/\/blogdoedvaldomagalhaes.com.br\/?p=125077"},"modified":"2025-11-28T14:39:59","modified_gmt":"2025-11-28T17:39:59","slug":"vereador-jorge-quintino-concede-voto-de-aplausos-aos-radialistas-de-caruaru-edvaldo-magalhaes-recebe-homenagem-em-destaque","status":"publish","type":"post","link":"https:\/\/blogdoedvaldomagalhaes.com.br\/index.php\/2025\/11\/28\/vereador-jorge-quintino-concede-voto-de-aplausos-aos-radialistas-de-caruaru-edvaldo-magalhaes-recebe-homenagem-em-destaque\/","title":{"rendered":"Vereador Jorge Quintino concede Voto de Aplausos aos radialistas de Caruaru; Edvaldo Magalh\u00e3es recebe homenagem em destaque"},"content":{"rendered":"<p>_Homenagem celebra o Dia do Radialista e reconhece a contribui\u00e7\u00e3o da radiodifus\u00e3o em Caruaru_<\/p>\n<p>A C\u00e2mara Municipal de Caruaru realizou, nesta sexta-feira (28), uma sess\u00e3o solene para conceder *Voto de Aplausos e Congratula\u00e7\u00f5es aos radialistas, em alus\u00e3o ao Dia do Radialista (07 de novembro).* A homenagem, de autoria do vereador Professor Jorge Quintino, ocorreu por meio de requerimento aprovado em plen\u00e1rio, com destaque especial ao radialista Edvaldo Magalh\u00e3es, reconhecido como s\u00edmbolo de dedica\u00e7\u00e3o, profissionalismo e compromisso com a comunica\u00e7\u00e3o e a cidadania. Na ocasi\u00e3o, Edvaldo tamb\u00e9m recebeu Voto de Aplausos e Congratula\u00e7\u00f5es individual, em reconhecimento \u00e0 sua trajet\u00f3ria profissional.<\/p>\n<p><img loading=\"lazy\" decoding=\"async\" src=\"https:\/\/blogdoedvaldomagalhaes.com.br\/wp-content\/uploads\/2025\/11\/img-20251128-wa01685136644520862079983.jpg\" class=\"wp-image-125080 alignnone size-full\" width=\"1200\" height=\"1600\" srcset=\"https:\/\/blogdoedvaldomagalhaes.com.br\/wp-content\/uploads\/2025\/11\/img-20251128-wa01685136644520862079983.jpg 1200w, https:\/\/blogdoedvaldomagalhaes.com.br\/wp-content\/uploads\/2025\/11\/img-20251128-wa01685136644520862079983-225x300.jpg 225w, https:\/\/blogdoedvaldomagalhaes.com.br\/wp-content\/uploads\/2025\/11\/img-20251128-wa01685136644520862079983-768x1024.jpg 768w, https:\/\/blogdoedvaldomagalhaes.com.br\/wp-content\/uploads\/2025\/11\/img-20251128-wa01685136644520862079983-1152x1536.jpg 1152w\" sizes=\"auto, (max-width: 1200px) 100vw, 1200px\" \/><\/p>\n<p>Sobre Edvaldo Magalh\u00e3es<\/p>\n<p>Radialista h\u00e1 39 anos, Edvaldo iniciou a carreira aos 18, na R\u00e1dio Surubim, onde atuou por uma d\u00e9cada. Em seguida, passou pela R\u00e1dio Jornal Limoeiro por quatro anos e, h\u00e1 25 anos, integra a equipe da R\u00e1dio Liberdade, consolidando-se como uma das principais refer\u00eancias da comunica\u00e7\u00e3o no Agreste pernambucano. Ao longo da trajet\u00f3ria, recebeu dezenas de homenagens nas cidades onde atuou, incluindo reconhecimento da C\u00e2mara Municipal de Caruaru, e possui t\u00edtulo de Cidad\u00e3o de Surubim a ser recebido.<\/p>\n<p>Al\u00e9m da atua\u00e7\u00e3o no r\u00e1dio, foi vice-presidente da Associa\u00e7\u00e3o dos Cronistas de Pernambuco (ACDP) e, atualmente, \u00e9 diretor do Sindicato dos Radialistas de Pernambuco, representando a regi\u00e3o Agreste.<br \/>\nSiga o Instagram @portaledvaldomagalhaes<br \/>\nFoto: Vladimir Barreto<\/p>\n","protected":false},"excerpt":{"rendered":"<p>_Homenagem celebra o Dia do Radialista e reconhece a contribui\u00e7\u00e3o da radiodifus\u00e3o em Caruaru_ A C\u00e2mara Municipal de Caruaru realizou,&hellip;<\/p>\n","protected":false},"author":1,"featured_media":125078,"comment_status":"closed","ping_status":"open","sticky":false,"template":"","format":"standard","meta":{"footnotes":""},"categories":[14120],"tags":[13146,34634,35371],"class_list":["post-125077","post","type-post","status-publish","format-standard","has-post-thumbnail","hentry","category-noticias","tag-blog-edvaldo-magalhaes","tag-portal-edvaldo-magalhaes","tag-vereador-jorge-quintino-concede-voto-de-aplausos-aos-radialistas-de-caruaru-edvaldo-magalhaes-recebe-homenagem-em-destaque"],"_links":{"self":[{"href":"https:\/\/blogdoedvaldomagalhaes.com.br\/index.php\/wp-json\/wp\/v2\/posts\/125077","targetHints":{"allow":["GET"]}}],"collection":[{"href":"https:\/\/blogdoedvaldomagalhaes.com.br\/index.php\/wp-json\/wp\/v2\/posts"}],"about":[{"href":"https:\/\/blogdoedvaldomagalhaes.com.br\/index.php\/wp-json\/wp\/v2\/types\/post"}],"author":[{"embeddable":true,"href":"https:\/\/blogdoedvaldomagalhaes.com.br\/index.php\/wp-json\/wp\/v2\/users\/1"}],"replies":[{"embeddable":true,"href":"https:\/\/blogdoedvaldomagalhaes.com.br\/index.php\/wp-json\/wp\/v2\/comments?post=125077"}],"version-history":[{"count":2,"href":"https:\/\/blogdoedvaldomagalhaes.com.br\/index.php\/wp-json\/wp\/v2\/posts\/125077\/revisions"}],"predecessor-version":[{"id":125081,"href":"https:\/\/blogdoedvaldomagalhaes.com.br\/index.php\/wp-json\/wp\/v2\/posts\/125077\/revisions\/125081"}],"wp:featuredmedia":[{"embeddable":true,"href":"https:\/\/blogdoedvaldomagalhaes.com.br\/index.php\/wp-json\/wp\/v2\/media\/125078"}],"wp:attachment":[{"href":"https:\/\/blogdoedvaldomagalhaes.com.br\/index.php\/wp-json\/wp\/v2\/media?parent=125077"}],"wp:term":[{"taxonomy":"category","embeddable":true,"href":"https:\/\/blogdoedvaldomagalhaes.com.br\/index.php\/wp-json\/wp\/v2\/categories?post=125077"},{"taxonomy":"post_tag","embeddable":true,"href":"https:\/\/blogdoedvaldomagalhaes.com.br\/index.php\/wp-json\/wp\/v2\/tags?post=125077"}],"curies":[{"name":"wp","href":"https:\/\/api.w.org\/{rel}","templated":true}]}}