{"id":125074,"date":"2025-11-28T14:33:12","date_gmt":"2025-11-28T17:33:12","guid":{"rendered":"https:\/\/blogdoedvaldomagalhaes.com.br\/?p=125074"},"modified":"2025-11-28T14:33:12","modified_gmt":"2025-11-28T17:33:12","slug":"centro-de-ensino-do-agreste-celebra-conclusao-da-primeira-pos-em-empreendedorismo-e-inovacao-nos-negocios","status":"publish","type":"post","link":"https:\/\/blogdoedvaldomagalhaes.com.br\/index.php\/2025\/11\/28\/centro-de-ensino-do-agreste-celebra-conclusao-da-primeira-pos-em-empreendedorismo-e-inovacao-nos-negocios\/","title":{"rendered":"Centro de Ensino do Agreste celebra conclus\u00e3o da primeira P\u00f3s em Empreendedorismo e Inova\u00e7\u00e3o nos Neg\u00f3cios"},"content":{"rendered":"<p>O Centro de Ensino do Agreste celebrou um marco hist\u00f3rico ao formar a primeira turma da P\u00f3s-Gradua\u00e7\u00e3o em Empreendedorismo e Inova\u00e7\u00e3o nos Neg\u00f3cios, o primeiro curso dessa \u00e1rea na regi\u00e3o Agreste. A solenidade de conclus\u00e3o aconteceu no inspirador ambiente do Armaz\u00e9m da Criatividade, em Caruaru, na \u00faltima ter\u00e7a-feira (25\/11), reunindo alunos, familiares, empreendedores e parceiros.<\/p>\n<p>A cerim\u00f4nia contou com a presen\u00e7a da coordenadora do curso, C\u00e1tia Maciel, e da diretora da institui\u00e7\u00e3o, Nayara Sousa, que acompanharam de perto o desenvolvimento da turma desde o in\u00edcio da jornada acad\u00eamica. Durante o evento, os concluintes realizaram uma apresenta\u00e7\u00e3o comparativa entre o \u201cantes e depois\u201d do curso, destacando a evolu\u00e7\u00e3o de suas empresas, a consolida\u00e7\u00e3o de novos projetos e o impacto direto dos conhecimentos adquiridos no crescimento de seus neg\u00f3cios.<\/p>\n<p>Voltada para graduados de qualquer \u00e1rea, a p\u00f3s-gradua\u00e7\u00e3o oferece uma forma\u00e7\u00e3o completa para quem deseja empreender, inovar e transformar ideias em resultados concretos.<\/p>\n<p>As matr\u00edculas para a pr\u00f3xima turma j\u00e1 est\u00e3o abertas, refor\u00e7ando o compromisso do Centro de Ensino do Agreste com a forma\u00e7\u00e3o de profissionais preparados para impulsionar o desenvolvimento econ\u00f4mico e criativo da regi\u00e3o.<\/p>\n<p>Para mais informa\u00e7\u00f5es, inscri\u00e7\u00f5es e detalhes sobre o curso, o Centro de Ensino do Agreste orienta que os interessados entrem em contato pelos canais oficiais da institui\u00e7\u00e3o.<\/p>\n<p>Instagram: @cea.posgraduacao<br \/>\nWhatsApp: (81) 9.8291-2984<br \/>\nFoto: Divulga\u00e7\u00e3o<br \/>\nSeja seguidor do Instagram @portaledvaldomagalhaes<\/p>\n","protected":false},"excerpt":{"rendered":"<p>O Centro de Ensino do Agreste celebrou um marco hist\u00f3rico ao formar a primeira turma da P\u00f3s-Gradua\u00e7\u00e3o em Empreendedorismo e&hellip;<\/p>\n","protected":false},"author":1,"featured_media":125075,"comment_status":"closed","ping_status":"open","sticky":false,"template":"","format":"standard","meta":{"footnotes":""},"categories":[14120],"tags":[13146,35370,34634],"class_list":["post-125074","post","type-post","status-publish","format-standard","has-post-thumbnail","hentry","category-noticias","tag-blog-edvaldo-magalhaes","tag-centro-de-ensino-do-agreste-celebra-conclusao-da-primeira-pos-em-empreendedorismo-e-inovacao-nos-negocios","tag-portal-edvaldo-magalhaes"],"_links":{"self":[{"href":"https:\/\/blogdoedvaldomagalhaes.com.br\/index.php\/wp-json\/wp\/v2\/posts\/125074","targetHints":{"allow":["GET"]}}],"collection":[{"href":"https:\/\/blogdoedvaldomagalhaes.com.br\/index.php\/wp-json\/wp\/v2\/posts"}],"about":[{"href":"https:\/\/blogdoedvaldomagalhaes.com.br\/index.php\/wp-json\/wp\/v2\/types\/post"}],"author":[{"embeddable":true,"href":"https:\/\/blogdoedvaldomagalhaes.com.br\/index.php\/wp-json\/wp\/v2\/users\/1"}],"replies":[{"embeddable":true,"href":"https:\/\/blogdoedvaldomagalhaes.com.br\/index.php\/wp-json\/wp\/v2\/comments?post=125074"}],"version-history":[{"count":1,"href":"https:\/\/blogdoedvaldomagalhaes.com.br\/index.php\/wp-json\/wp\/v2\/posts\/125074\/revisions"}],"predecessor-version":[{"id":125076,"href":"https:\/\/blogdoedvaldomagalhaes.com.br\/index.php\/wp-json\/wp\/v2\/posts\/125074\/revisions\/125076"}],"wp:featuredmedia":[{"embeddable":true,"href":"https:\/\/blogdoedvaldomagalhaes.com.br\/index.php\/wp-json\/wp\/v2\/media\/125075"}],"wp:attachment":[{"href":"https:\/\/blogdoedvaldomagalhaes.com.br\/index.php\/wp-json\/wp\/v2\/media?parent=125074"}],"wp:term":[{"taxonomy":"category","embeddable":true,"href":"https:\/\/blogdoedvaldomagalhaes.com.br\/index.php\/wp-json\/wp\/v2\/categories?post=125074"},{"taxonomy":"post_tag","embeddable":true,"href":"https:\/\/blogdoedvaldomagalhaes.com.br\/index.php\/wp-json\/wp\/v2\/tags?post=125074"}],"curies":[{"name":"wp","href":"https:\/\/api.w.org\/{rel}","templated":true}]}}