{"id":125069,"date":"2025-11-28T14:22:37","date_gmt":"2025-11-28T17:22:37","guid":{"rendered":"https:\/\/blogdoedvaldomagalhaes.com.br\/?p=125069"},"modified":"2025-11-28T14:27:57","modified_gmt":"2025-11-28T17:27:57","slug":"__trashed-5","status":"publish","type":"post","link":"https:\/\/blogdoedvaldomagalhaes.com.br\/index.php\/2025\/11\/28\/__trashed-5\/","title":{"rendered":"Sesc promove oficina gratuita de percuss\u00e3o de ritmos pernambucanos, em Caruaru"},"content":{"rendered":"<p>A m\u00fasica pernambucana \u00e9 uma das mais ricas do Brasil, com destaque \u00e0s batidas da percuss\u00e3o. E para dar visibilidade e fortalecer ainda mais esta que \u00e9 uma das principais linguagens art\u00edsticas do estado, o Sesc Caruaru promove, nos dias 30 de novembro e 7 de dezembro, a \u201cOficina de Percuss\u00e3o do Coco de Roda ao Maracatu de Baque Virado \u2013 uma viv\u00eancia a partir dos ritmos pernambucanos\u201d, que integra as a\u00e7\u00f5es do projeto Som em Pauta.<\/p>\n<p>Na primeira etapa, que ser\u00e1 no dia 30 de novembro, os participantes v\u00e3o conhecer um pouco do processo hist\u00f3rico da m\u00fasica nordestina, com \u00eanfase no Armorial e o Manguebeat, com apresenta\u00e7\u00e3o de um repert\u00f3rio de m\u00fasicas referentes a estes movimentos art\u00edsticos pernambucanos. A ideia \u00e9 facilitar a produ\u00e7\u00e3o da pr\u00e1tica percussiva, com a utiliza\u00e7\u00e3o de instrumentos como a alfaia, caixa, agb\u00ea, agog\u00f4, gongu\u00ea, ganz\u00e1 e pandeiro. <\/p>\n<p>J\u00e1 na segunda etapa, no dia 7 de dezembro, ser\u00e3o apresentados o Coco de Roda, Samba de Coco, Ciranda e Maracatu de Baque Virado. Nesta aula, o professor far\u00e1 a demonstra\u00e7\u00e3o de como a estrutura r\u00edtmica de cada estilo \u00e9 composta e como deve ser trabalhada.<\/p>\n<p>A forma\u00e7\u00e3o \u00e9 gratuita e ser\u00e1 conduzida pelo m\u00fasico All Souza (PE), no Parque Ecol\u00f3gico Ambientalista Severino Montenegro, localizado no bairro Indian\u00f3polis, das 14h \u00e0s 16h. As inscri\u00e7\u00f5es poder\u00e3o ser feitas no local, mas as vagas s\u00e3o limitadas a dezesseis pessoas.<br \/>\nFoto: Ayane Melo\/Maker M\u00eddia<br \/>\nSiga o Instagram @portaledvaldomagalhaes<\/p>\n","protected":false},"excerpt":{"rendered":"<p>A m\u00fasica pernambucana \u00e9 uma das mais ricas do Brasil, com destaque \u00e0s batidas da percuss\u00e3o. E para dar visibilidade&hellip;<\/p>\n","protected":false},"author":1,"featured_media":125072,"comment_status":"closed","ping_status":"open","sticky":false,"template":"","format":"standard","meta":{"footnotes":""},"categories":[14120],"tags":[13146,370,34634,35369],"class_list":["post-125069","post","type-post","status-publish","format-standard","has-post-thumbnail","hentry","category-noticias","tag-blog-edvaldo-magalhaes","tag-em-caruaru","tag-portal-edvaldo-magalhaes","tag-sesc-promove-oficina-gratuita-de-percussao-de-ritmos-pernambucanos"],"_links":{"self":[{"href":"https:\/\/blogdoedvaldomagalhaes.com.br\/index.php\/wp-json\/wp\/v2\/posts\/125069","targetHints":{"allow":["GET"]}}],"collection":[{"href":"https:\/\/blogdoedvaldomagalhaes.com.br\/index.php\/wp-json\/wp\/v2\/posts"}],"about":[{"href":"https:\/\/blogdoedvaldomagalhaes.com.br\/index.php\/wp-json\/wp\/v2\/types\/post"}],"author":[{"embeddable":true,"href":"https:\/\/blogdoedvaldomagalhaes.com.br\/index.php\/wp-json\/wp\/v2\/users\/1"}],"replies":[{"embeddable":true,"href":"https:\/\/blogdoedvaldomagalhaes.com.br\/index.php\/wp-json\/wp\/v2\/comments?post=125069"}],"version-history":[{"count":2,"href":"https:\/\/blogdoedvaldomagalhaes.com.br\/index.php\/wp-json\/wp\/v2\/posts\/125069\/revisions"}],"predecessor-version":[{"id":125073,"href":"https:\/\/blogdoedvaldomagalhaes.com.br\/index.php\/wp-json\/wp\/v2\/posts\/125069\/revisions\/125073"}],"wp:featuredmedia":[{"embeddable":true,"href":"https:\/\/blogdoedvaldomagalhaes.com.br\/index.php\/wp-json\/wp\/v2\/media\/125072"}],"wp:attachment":[{"href":"https:\/\/blogdoedvaldomagalhaes.com.br\/index.php\/wp-json\/wp\/v2\/media?parent=125069"}],"wp:term":[{"taxonomy":"category","embeddable":true,"href":"https:\/\/blogdoedvaldomagalhaes.com.br\/index.php\/wp-json\/wp\/v2\/categories?post=125069"},{"taxonomy":"post_tag","embeddable":true,"href":"https:\/\/blogdoedvaldomagalhaes.com.br\/index.php\/wp-json\/wp\/v2\/tags?post=125069"}],"curies":[{"name":"wp","href":"https:\/\/api.w.org\/{rel}","templated":true}]}}