{"id":125064,"date":"2025-11-27T18:13:22","date_gmt":"2025-11-27T21:13:22","guid":{"rendered":"https:\/\/blogdoedvaldomagalhaes.com.br\/?p=125064"},"modified":"2025-11-27T18:19:45","modified_gmt":"2025-11-27T21:19:45","slug":"pernambuco-dobra-geracao-de-empregos-em-outubro-e-consolida-crescimento-acima-da-media-nacional","status":"publish","type":"post","link":"https:\/\/blogdoedvaldomagalhaes.com.br\/index.php\/2025\/11\/27\/pernambuco-dobra-geracao-de-empregos-em-outubro-e-consolida-crescimento-acima-da-media-nacional\/","title":{"rendered":"Pernambuco dobra gera\u00e7\u00e3o de empregos em outubro e consolida crescimento acima da m\u00e9dia nacional"},"content":{"rendered":"<p>Pernambuco registrou um dos melhores desempenhos do pa\u00eds na gera\u00e7\u00e3o de empregos formais em outubro de 2025. De acordo com os dados do Novo Caged, o estado criou 10.596 novas vagas com carteira assinada no m\u00eas, um crescimento de 105% em rela\u00e7\u00e3o ao mesmo per\u00edodo de 2024, quando haviam sido abertas 5.157 vagas. Com esse resultado, Pernambuco soma 72.210 empregos formais gerados entre janeiro e outubro, n\u00famero superior ao acumulado de 2024 no mesmo intervalo, que foi de 67.797 vagas, o que representa um crescimento de 6%.<\/p>\n<p>\u201cPernambuco fecha o m\u00eas de outubro com 10.590 vagas de emprego criadas, um n\u00famero maior que o dobro das vagas criadas no mesmo m\u00eas do ano passado, al\u00e9m de mais uma vez crescer acima da m\u00e9dia do Brasil. E isso representa que estamos no caminho para levar o Estado de volta \u00e0 lideran\u00e7a do Nordeste, gerando oportunidades e mudan\u00e7a de vida para o nosso povo\u201d, destacou a governadora Raquel Lyra.<\/p>\n<p>O avan\u00e7o do mercado de trabalho estadual foi impulsionado principalmente pelos setores da Constru\u00e7\u00e3o Civil, da Ind\u00fastria e da Agropecu\u00e1ria. A Constru\u00e7\u00e3o criou 14.270 novas vagas em 2025, quase o dobro das 7.617 registradas no ano anterior, resultado que indica crescimento de 87%. A Ind\u00fastria tamb\u00e9m apresentou desempenho positivo, com 9.153 postos criados no ano, 28% acima do registrado em 2024. A Agropecu\u00e1ria contabilizou 3.187 vagas acumuladas em 2025, em compara\u00e7\u00e3o com 2.788 no ano passado, o que representa alta de 14%.<\/p>\n<p>Para o secret\u00e1rio de Desenvolvimento Econ\u00f4mico, Guilherme Cavalcanti, os resultados refor\u00e7am a consolida\u00e7\u00e3o de um ambiente econ\u00f4mico competitivo e favor\u00e1vel \u00e0 expans\u00e3o produtiva. \u201cPernambuco vem diversificando sua economia, ampliando investimentos e fortalecendo cadeias estrat\u00e9gicas, especialmente nos setores industrial e de infraestrutura. O Governo de Pernambuco segue adotando pol\u00edticas de qualifica\u00e7\u00e3o profissional, moderniza\u00e7\u00e3o da infraestrutura e est\u00edmulo ao empreendedorismo, medidas que sustentam o crescimento do emprego e da renda em todas as regi\u00f5es do Estado\u201d, disse.<\/p>\n<p>Os Servi\u00e7os permanecem como o setor com maior volume de contrata\u00e7\u00f5es, com 40.696 vagas acumuladas no ano, enquanto o Com\u00e9rcio encerrou o per\u00edodo com 6.006 vagas, em movimento de retra\u00e7\u00e3o em rela\u00e7\u00e3o \u00e0s 9.568 registradas no ano anterior. A gera\u00e7\u00e3o de empregos em outubro tamb\u00e9m apresentou crescimento significativo entre homens e mulheres. Entre os homens, foram criadas 6.425 vagas, resultado muito superior ao de 2024, que havia sido de 2.451, o que indica aumento de 162%. Entre as mulheres, foram 4.171 vagas em outubro de 2025, em compara\u00e7\u00e3o com 2.706 no mesmo per\u00edodo do ano passado, o que representa crescimento de 54%.<\/p>\n<p>\u201cPernambuco dobrar a gera\u00e7\u00e3o de empregos em outubro mostra a for\u00e7a do trabalho que estamos realizando. S\u00f3 este ano j\u00e1 s\u00e3o mais de 72 mil vagas formais, impulsionadas pela constru\u00e7\u00e3o civil, ind\u00fastria, agropecu\u00e1ria e pelo setor de servi\u00e7os. Esse avan\u00e7o \u00e9 fruto da qualifica\u00e7\u00e3o profissional, do apoio ao empreendedorismo e das oportunidades que estamos criando em todas as regi\u00f5es do Estado. Seguiremos firmes para que esse crescimento chegue a mais pernambucanos\u201d, ressaltou o secret\u00e1rio de Desenvolvimento Profissional e Empreendedorismo de Pernambuco, Emmanuel Fernandes.<\/p>\n<p>NOVO CAGED \u2013 O Novo Caged integra informa\u00e7\u00f5es do Cadastro Geral de Empregados e Desempregados, do eSocial e do sistema Empregador Web. O levantamento contabiliza o saldo de empregos formais com base na diferen\u00e7a entre admiss\u00f5es e desligamentos. Foto: Hes\u00edodo G\u00f3es\/Secom.<br \/>\nSiga o Instagram @portaledvaldomagalhaes<\/p>\n","protected":false},"excerpt":{"rendered":"<p>Pernambuco registrou um dos melhores desempenhos do pa\u00eds na gera\u00e7\u00e3o de empregos formais em outubro de 2025. De acordo com&hellip;<\/p>\n","protected":false},"author":1,"featured_media":125066,"comment_status":"closed","ping_status":"open","sticky":false,"template":"","format":"standard","meta":{"footnotes":""},"categories":[14120],"tags":[13146,20,34634,1229],"class_list":["post-125064","post","type-post","status-publish","format-standard","has-post-thumbnail","hentry","category-noticias","tag-blog-edvaldo-magalhaes","tag-politica","tag-portal-edvaldo-magalhaes","tag-raquel-lyra"],"_links":{"self":[{"href":"https:\/\/blogdoedvaldomagalhaes.com.br\/index.php\/wp-json\/wp\/v2\/posts\/125064","targetHints":{"allow":["GET"]}}],"collection":[{"href":"https:\/\/blogdoedvaldomagalhaes.com.br\/index.php\/wp-json\/wp\/v2\/posts"}],"about":[{"href":"https:\/\/blogdoedvaldomagalhaes.com.br\/index.php\/wp-json\/wp\/v2\/types\/post"}],"author":[{"embeddable":true,"href":"https:\/\/blogdoedvaldomagalhaes.com.br\/index.php\/wp-json\/wp\/v2\/users\/1"}],"replies":[{"embeddable":true,"href":"https:\/\/blogdoedvaldomagalhaes.com.br\/index.php\/wp-json\/wp\/v2\/comments?post=125064"}],"version-history":[{"count":2,"href":"https:\/\/blogdoedvaldomagalhaes.com.br\/index.php\/wp-json\/wp\/v2\/posts\/125064\/revisions"}],"predecessor-version":[{"id":125068,"href":"https:\/\/blogdoedvaldomagalhaes.com.br\/index.php\/wp-json\/wp\/v2\/posts\/125064\/revisions\/125068"}],"wp:featuredmedia":[{"embeddable":true,"href":"https:\/\/blogdoedvaldomagalhaes.com.br\/index.php\/wp-json\/wp\/v2\/media\/125066"}],"wp:attachment":[{"href":"https:\/\/blogdoedvaldomagalhaes.com.br\/index.php\/wp-json\/wp\/v2\/media?parent=125064"}],"wp:term":[{"taxonomy":"category","embeddable":true,"href":"https:\/\/blogdoedvaldomagalhaes.com.br\/index.php\/wp-json\/wp\/v2\/categories?post=125064"},{"taxonomy":"post_tag","embeddable":true,"href":"https:\/\/blogdoedvaldomagalhaes.com.br\/index.php\/wp-json\/wp\/v2\/tags?post=125064"}],"curies":[{"name":"wp","href":"https:\/\/api.w.org\/{rel}","templated":true}]}}