{"id":125061,"date":"2025-11-27T17:14:59","date_gmt":"2025-11-27T20:14:59","guid":{"rendered":"https:\/\/blogdoedvaldomagalhaes.com.br\/?p=125061"},"modified":"2025-11-27T17:14:59","modified_gmt":"2025-11-27T20:14:59","slug":"confira-a-programacao-da-4a-seresta-natalina-em-caruaru","status":"publish","type":"post","link":"https:\/\/blogdoedvaldomagalhaes.com.br\/index.php\/2025\/11\/27\/confira-a-programacao-da-4a-seresta-natalina-em-caruaru\/","title":{"rendered":"Confira a programa\u00e7\u00e3o da 4\u00aa Seresta Natalina em Caruaru"},"content":{"rendered":"<p>Nos dias 5 e 6 de dezembro, a Esta\u00e7\u00e3o Ferrovi\u00e1ria de Caruaru ser\u00e1 palco da 4\u00aa Seresta Natalina. Promovido pela Prefeitura de Caruaru, por meio da Funda\u00e7\u00e3o de Cultura, o evento, que j\u00e1 est\u00e1 marcado no calend\u00e1rio da cidade, reunir\u00e1 atra\u00e7\u00f5es que celebram a identidade regional com uma programa\u00e7\u00e3o perfeita para toda a fam\u00edlia.<\/p>\n<p>Na sexta-feira (5), o evento ter\u00e1 in\u00edcio \u00e0s 20h, com shows da banda Os Veteranos, que retorna ap\u00f3s o sucesso da \u00faltima edi\u00e7\u00e3o, e da tradicional banda de brega Labaredas, eternizada na m\u00fasica pernambucana com sucessos como &#8220;Garotinha Linda\u201d. <\/p>\n<p>No s\u00e1bado (6), a programa\u00e7\u00e3o ter\u00e1 in\u00edcio \u00e0s 19h, com os shows Didi canta Saudade, Gilliard e o espet\u00e1culo Natal Oxente, reunindo artistas como Fabiana Pimentinha, Nerilson Buscap\u00e9, Renilda Cardoso, Benil Ramos, Jo\u00e3o Carlos Baiano, Seu Janu\u00e1rio e Kak\u00e1 Cantarelli.<\/p>\n<p>*Confira a programa\u00e7\u00e3o completa:*<\/p>\n<p>* *Sexta-feira (5)*<br \/>\nOs Veteranos<br \/>\nLabaredas<\/p>\n<p>* *S\u00e1bado (6)*<br \/>\nDidi Canta Saudade<br \/>\nGilliard<br \/>\nNatal Oxente<br \/>\nSiga o Instagram @poetaledvaldomagalhaes<br \/>\nFoto: Facebook\/Gilliard Oficial<\/p>\n","protected":false},"excerpt":{"rendered":"<p>Nos dias 5 e 6 de dezembro, a Esta\u00e7\u00e3o Ferrovi\u00e1ria de Caruaru ser\u00e1 palco da 4\u00aa Seresta Natalina. Promovido pela&hellip;<\/p>\n","protected":false},"author":1,"featured_media":125062,"comment_status":"closed","ping_status":"open","sticky":false,"template":"","format":"standard","meta":{"footnotes":""},"categories":[14120],"tags":[13146,35368,34634],"class_list":["post-125061","post","type-post","status-publish","format-standard","has-post-thumbnail","hentry","category-noticias","tag-blog-edvaldo-magalhaes","tag-confira-a-programacao-da-4a-seresta-natalina-em-caruaru","tag-portal-edvaldo-magalhaes"],"_links":{"self":[{"href":"https:\/\/blogdoedvaldomagalhaes.com.br\/index.php\/wp-json\/wp\/v2\/posts\/125061","targetHints":{"allow":["GET"]}}],"collection":[{"href":"https:\/\/blogdoedvaldomagalhaes.com.br\/index.php\/wp-json\/wp\/v2\/posts"}],"about":[{"href":"https:\/\/blogdoedvaldomagalhaes.com.br\/index.php\/wp-json\/wp\/v2\/types\/post"}],"author":[{"embeddable":true,"href":"https:\/\/blogdoedvaldomagalhaes.com.br\/index.php\/wp-json\/wp\/v2\/users\/1"}],"replies":[{"embeddable":true,"href":"https:\/\/blogdoedvaldomagalhaes.com.br\/index.php\/wp-json\/wp\/v2\/comments?post=125061"}],"version-history":[{"count":1,"href":"https:\/\/blogdoedvaldomagalhaes.com.br\/index.php\/wp-json\/wp\/v2\/posts\/125061\/revisions"}],"predecessor-version":[{"id":125063,"href":"https:\/\/blogdoedvaldomagalhaes.com.br\/index.php\/wp-json\/wp\/v2\/posts\/125061\/revisions\/125063"}],"wp:featuredmedia":[{"embeddable":true,"href":"https:\/\/blogdoedvaldomagalhaes.com.br\/index.php\/wp-json\/wp\/v2\/media\/125062"}],"wp:attachment":[{"href":"https:\/\/blogdoedvaldomagalhaes.com.br\/index.php\/wp-json\/wp\/v2\/media?parent=125061"}],"wp:term":[{"taxonomy":"category","embeddable":true,"href":"https:\/\/blogdoedvaldomagalhaes.com.br\/index.php\/wp-json\/wp\/v2\/categories?post=125061"},{"taxonomy":"post_tag","embeddable":true,"href":"https:\/\/blogdoedvaldomagalhaes.com.br\/index.php\/wp-json\/wp\/v2\/tags?post=125061"}],"curies":[{"name":"wp","href":"https:\/\/api.w.org\/{rel}","templated":true}]}}