{"id":125058,"date":"2025-11-27T17:08:25","date_gmt":"2025-11-27T20:08:25","guid":{"rendered":"https:\/\/blogdoedvaldomagalhaes.com.br\/?p=125058"},"modified":"2025-11-27T18:24:30","modified_gmt":"2025-11-27T21:24:30","slug":"autarquia-de-mobilidade-de-caruaru-promove-terceira-edicao-do-pe-na-rua-neste-domingo-30","status":"publish","type":"post","link":"https:\/\/blogdoedvaldomagalhaes.com.br\/index.php\/2025\/11\/27\/autarquia-de-mobilidade-de-caruaru-promove-terceira-edicao-do-pe-na-rua-neste-domingo-30\/","title":{"rendered":"Autarquia de Mobilidade de Caruaru promove terceira edi\u00e7\u00e3o do &#8220;P\u00e9 na Rua&#8221; neste domingo (30)"},"content":{"rendered":"<p>Neste domingo (30.11), a Prefeitura de Caruaru, por meio da Autarquia de Mobilidade (AMC), promove a terceira edi\u00e7\u00e3o do projeto &#8220;P\u00e9 na Rua&#8221;. O evento ser\u00e1 realizado a partir das 15h, na Via Parque I (INSS), na Avenida Rui Barbosa, bairro Maur\u00edcio de Nassau.<\/p>\n<p>O &#8220;P\u00e9 na Rua&#8221; \u00e9 voltado para crian\u00e7as da primeira inf\u00e2ncia (at\u00e9 os seis anos) e tem o objetivo de, por meio do aprendizado sobre o tr\u00e2nsito, resgatar as brincadeiras infantis ao ar livre, utilizando os espa\u00e7os p\u00fablicos de maneira saud\u00e1vel tamb\u00e9m com o intuito de reduzir o tempo que as crian\u00e7as passam diante das telas. <\/p>\n<p>Al\u00e9m do &#8220;P\u00e9 na Rua&#8221;, o domingo \u00e0 tarde na Via Parque I ser\u00e1 repleto de a\u00e7\u00f5es de conscientiza\u00e7\u00e3o \u00a0para condutores e pedestres como o &#8220;P\u00e9 na Faixa. P\u00e9 no Freio&#8221;, e atividades com ciclistas. <\/p>\n<p>Tamb\u00e9m haver\u00e1, em parceria com a Secretaria de Sustentabilidade e Bem-Estar Animal, uma equipe da AME Animal para agendamento de castra\u00e7\u00e3o, doa\u00e7\u00e3o de mudas e a\u00e7\u00e3o de educa\u00e7\u00e3o ambiental.<\/p>\n<p>O &#8220;P\u00e9 na Rua&#8221; \u00e9 mais uma iniciativa da gest\u00e3o municipal visando a seguran\u00e7a vi\u00e1ria, buscando estimular desde cedo a import\u00e2ncia de um tr\u00e2nsito mais seguro no munic\u00edpio.<\/p>\n<p>*Servi\u00e7o:*<br \/>\nTerceira Edi\u00e7\u00e3o do Projeto &#8220;P\u00e9 na Rua&#8221;<br \/>\nDia: 30\/11 (domingo)<br \/>\nHora: 15h<br \/>\nLocal: Via Parque I (INSS), na Avenida Rui Barbosa, bairro Maur\u00edcio de Nassau.<br \/>\nSiga o Instagram @poetaledvaldomagalhaes<br \/>\nFoto: Jorge Farias\/ Secom\/ PMC<\/p>\n","protected":false},"excerpt":{"rendered":"<p>Neste domingo (30.11), a Prefeitura de Caruaru, por meio da Autarquia de Mobilidade (AMC), promove a terceira edi\u00e7\u00e3o do projeto&hellip;<\/p>\n","protected":false},"author":1,"featured_media":125059,"comment_status":"closed","ping_status":"open","sticky":false,"template":"","format":"standard","meta":{"footnotes":""},"categories":[14120],"tags":[],"class_list":["post-125058","post","type-post","status-publish","format-standard","has-post-thumbnail","hentry","category-noticias"],"_links":{"self":[{"href":"https:\/\/blogdoedvaldomagalhaes.com.br\/index.php\/wp-json\/wp\/v2\/posts\/125058","targetHints":{"allow":["GET"]}}],"collection":[{"href":"https:\/\/blogdoedvaldomagalhaes.com.br\/index.php\/wp-json\/wp\/v2\/posts"}],"about":[{"href":"https:\/\/blogdoedvaldomagalhaes.com.br\/index.php\/wp-json\/wp\/v2\/types\/post"}],"author":[{"embeddable":true,"href":"https:\/\/blogdoedvaldomagalhaes.com.br\/index.php\/wp-json\/wp\/v2\/users\/1"}],"replies":[{"embeddable":true,"href":"https:\/\/blogdoedvaldomagalhaes.com.br\/index.php\/wp-json\/wp\/v2\/comments?post=125058"}],"version-history":[{"count":1,"href":"https:\/\/blogdoedvaldomagalhaes.com.br\/index.php\/wp-json\/wp\/v2\/posts\/125058\/revisions"}],"predecessor-version":[{"id":125060,"href":"https:\/\/blogdoedvaldomagalhaes.com.br\/index.php\/wp-json\/wp\/v2\/posts\/125058\/revisions\/125060"}],"wp:featuredmedia":[{"embeddable":true,"href":"https:\/\/blogdoedvaldomagalhaes.com.br\/index.php\/wp-json\/wp\/v2\/media\/125059"}],"wp:attachment":[{"href":"https:\/\/blogdoedvaldomagalhaes.com.br\/index.php\/wp-json\/wp\/v2\/media?parent=125058"}],"wp:term":[{"taxonomy":"category","embeddable":true,"href":"https:\/\/blogdoedvaldomagalhaes.com.br\/index.php\/wp-json\/wp\/v2\/categories?post=125058"},{"taxonomy":"post_tag","embeddable":true,"href":"https:\/\/blogdoedvaldomagalhaes.com.br\/index.php\/wp-json\/wp\/v2\/tags?post=125058"}],"curies":[{"name":"wp","href":"https:\/\/api.w.org\/{rel}","templated":true}]}}