{"id":125054,"date":"2025-11-27T17:00:13","date_gmt":"2025-11-27T20:00:13","guid":{"rendered":"https:\/\/blogdoedvaldomagalhaes.com.br\/?p=125054"},"modified":"2025-11-27T17:04:00","modified_gmt":"2025-11-27T20:04:00","slug":"homem-e-preso-em-caruaru-com-moto-roubada-ha-quatro-anos","status":"publish","type":"post","link":"https:\/\/blogdoedvaldomagalhaes.com.br\/index.php\/2025\/11\/27\/homem-e-preso-em-caruaru-com-moto-roubada-ha-quatro-anos\/","title":{"rendered":"Homem \u00e9 preso em Caruaru com moto roubada h\u00e1 quatro anos"},"content":{"rendered":"<p>Em Caruaru, um homem foi preso por policiais da Cavalaria da Pol\u00edcia Militar com uma moto roubada h\u00e1 quatro anos. Jackson da Silva Ten\u00f3rio, de 24 anos, e a motocicleta foram apresentados na Delegacia de Plant\u00e3o. O jovem foi autuado em flagrante por recepta\u00e7\u00e3o.<br \/>\nSiga o Instagram @portaledvaldomagalhaes<br \/>\nFoto: Divulga\u00e7\u00e3o\/PMPE <\/p>\n","protected":false},"excerpt":{"rendered":"<p>Em Caruaru, um homem foi preso por policiais da Cavalaria da Pol\u00edcia Militar com uma moto roubada h\u00e1 quatro anos.&hellip;<\/p>\n","protected":false},"author":1,"featured_media":125056,"comment_status":"closed","ping_status":"open","sticky":false,"template":"","format":"standard","meta":{"footnotes":""},"categories":[14121],"tags":[13146,35367,34634],"class_list":["post-125054","post","type-post","status-publish","format-standard","has-post-thumbnail","hentry","category-policial","tag-blog-edvaldo-magalhaes","tag-homem-e-preso-em-caruaru-com-moto-roubada-ha-quatro-anos","tag-portal-edvaldo-magalhaes"],"_links":{"self":[{"href":"https:\/\/blogdoedvaldomagalhaes.com.br\/index.php\/wp-json\/wp\/v2\/posts\/125054","targetHints":{"allow":["GET"]}}],"collection":[{"href":"https:\/\/blogdoedvaldomagalhaes.com.br\/index.php\/wp-json\/wp\/v2\/posts"}],"about":[{"href":"https:\/\/blogdoedvaldomagalhaes.com.br\/index.php\/wp-json\/wp\/v2\/types\/post"}],"author":[{"embeddable":true,"href":"https:\/\/blogdoedvaldomagalhaes.com.br\/index.php\/wp-json\/wp\/v2\/users\/1"}],"replies":[{"embeddable":true,"href":"https:\/\/blogdoedvaldomagalhaes.com.br\/index.php\/wp-json\/wp\/v2\/comments?post=125054"}],"version-history":[{"count":2,"href":"https:\/\/blogdoedvaldomagalhaes.com.br\/index.php\/wp-json\/wp\/v2\/posts\/125054\/revisions"}],"predecessor-version":[{"id":125057,"href":"https:\/\/blogdoedvaldomagalhaes.com.br\/index.php\/wp-json\/wp\/v2\/posts\/125054\/revisions\/125057"}],"wp:featuredmedia":[{"embeddable":true,"href":"https:\/\/blogdoedvaldomagalhaes.com.br\/index.php\/wp-json\/wp\/v2\/media\/125056"}],"wp:attachment":[{"href":"https:\/\/blogdoedvaldomagalhaes.com.br\/index.php\/wp-json\/wp\/v2\/media?parent=125054"}],"wp:term":[{"taxonomy":"category","embeddable":true,"href":"https:\/\/blogdoedvaldomagalhaes.com.br\/index.php\/wp-json\/wp\/v2\/categories?post=125054"},{"taxonomy":"post_tag","embeddable":true,"href":"https:\/\/blogdoedvaldomagalhaes.com.br\/index.php\/wp-json\/wp\/v2\/tags?post=125054"}],"curies":[{"name":"wp","href":"https:\/\/api.w.org\/{rel}","templated":true}]}}