{"id":125051,"date":"2025-11-27T15:30:49","date_gmt":"2025-11-27T18:30:49","guid":{"rendered":"https:\/\/blogdoedvaldomagalhaes.com.br\/?p=125051"},"modified":"2025-11-27T15:30:49","modified_gmt":"2025-11-27T18:30:49","slug":"alunos-pernambucanos-se-destacam-na-olimpiada-brasileira-de-informatica","status":"publish","type":"post","link":"https:\/\/blogdoedvaldomagalhaes.com.br\/index.php\/2025\/11\/27\/alunos-pernambucanos-se-destacam-na-olimpiada-brasileira-de-informatica\/","title":{"rendered":"Alunos pernambucanos se destacam na Olimp\u00edada Brasileira de Inform\u00e1tica"},"content":{"rendered":"<p>_Col\u00e9gio GGE conquistou 20 medalhas nacionais e foi a \u00fanica escola particular de Pernambuco a obter ouros na edi\u00e7\u00e3o 2025_<\/p>\n<p>A edi\u00e7\u00e3o 2025 da Olimp\u00edada Brasileira de Inform\u00e1tica (OBI) trouxe resultados expressivos para estudantes pernambucanos, que mais uma vez se destacaram em uma das principais competi\u00e7\u00f5es nacionais voltadas \u00e0 Ci\u00eancia da Computa\u00e7\u00e3o. Entre as escolas participantes, o Col\u00e9gio GGE registrou uma das maiores performances do estado, com 20 medalhas nacionais, sendo 5 ouros, 7 pratas e 8 bronzes, al\u00e9m de 71 honras ao m\u00e9rito conquistadas por alunos nas etapas estaduais.<\/p>\n<p>Com esse resultado, o GGE se tornou a \u00fanica escola particular de Pernambuco a conquistar medalhas de ouro na edi\u00e7\u00e3o deste ano e registrou o dobro de premia\u00e7\u00f5es em rela\u00e7\u00e3o \u00e0 segunda colocada entre as institui\u00e7\u00f5es privadas.O desempenho reflete o investimento crescente da escola na forma\u00e7\u00e3o voltada ao racioc\u00ednio l\u00f3gico, ao pensamento computacional e \u00e0s competi\u00e7\u00f5es acad\u00eamicas.<\/p>\n<p>Para Rafaelly Calazans, coordenadora de Resultados do GGE, a consist\u00eancia dos resultados n\u00e3o \u00e9 obra do acaso. \u201cBuscamos desenvolver, ao longo das atividades e projetos, habilidades como l\u00f3gica, racioc\u00ednio e resolu\u00e7\u00e3o de problemas, sempre alinhando teoria e pr\u00e1tica. A OBI cria um ambiente em que os alunos percebem que s\u00e3o capazes de superar desafios reais, o que aumenta a motiva\u00e7\u00e3o e a autoconfian\u00e7a\u201d, explica.<\/p>\n<p>Um dos destaques da equipe \u00e9 Rafael Costa, aluno do col\u00e9gio desde o Ensino Fundamental I e integrante da Turma Internacional de Matem\u00e1tica. Participante da OBI desde o 4\u00ba ano, j\u00e1 acumula tr\u00eas medalhas de ouro e diversas conquistas em outras olimp\u00edadas cient\u00edficas. O interesse pela tecnologia tamb\u00e9m \u00e9 estimulado em casa: seu pai atua na \u00e1rea de Tecnologia da Informa\u00e7\u00e3o, o que fortalece ainda mais sua afinidade com o universo da computa\u00e7\u00e3o e a motiva\u00e7\u00e3o para seguir carreira na \u00e1rea.<\/p>\n<p>\u201cRafael \u00e9 extremamente disciplinado. Ele treina com provas anteriores, participa de simulados e j\u00e1 come\u00e7ou a estudar os conte\u00fados da categoria de Programa\u00e7\u00e3o do Ensino M\u00e9dio, que enfrentar\u00e1 no pr\u00f3ximo ano. \u00c9 um aluno que une curiosidade, esfor\u00e7o e paix\u00e3o pela tecnologia\u201d, destaca Rafaelly. Para ela, os ganhos v\u00e3o al\u00e9m das medalhas: \u201cO mais importante \u00e9 o desenvolvimento de compet\u00eancias como pensamento cr\u00edtico, autonomia e capacidade de resolver problemas complexos, fundamentais para qualquer trajet\u00f3ria profissional\u201d, conclui. <\/p>\n<p>*SOBRE A OLIMP\u00cdADA -* Organizada pelo Instituto de Computa\u00e7\u00e3o da Unicamp, a Olimp\u00edada Brasileira de Inform\u00e1tica tem como objetivo despertar nos estudantes o interesse pela Ci\u00eancia da Computa\u00e7\u00e3o, \u00e1rea considerada essencial na forma\u00e7\u00e3o b\u00e1sica contempor\u00e2nea. A competi\u00e7\u00e3o envolve desafios que exigem racioc\u00ednio l\u00f3gico, criatividade e estrat\u00e9gia por meio de desafios que envolvem resolu\u00e7\u00e3o de problemas.<\/p>\n<p>A olimp\u00edada \u00e9 dividida em duas modalidades: inicia\u00e7\u00e3o e programa\u00e7\u00e3o. Cada uma tem n\u00edveis espec\u00edficos de acordo com a idade e o grau de conhecimento dos alunos. Em todas as categorias, a participa\u00e7\u00e3o \u00e9 individual e cada estudante compete em apenas uma modalidade.<br \/>\nTexto: Lorena Andrade<br \/>\nSiga o Instagram @portaledvaldomagalhaes<br \/>\nFoto: Divulga\u00e7\u00e3o\/GGE <\/p>\n","protected":false},"excerpt":{"rendered":"<p>_Col\u00e9gio GGE conquistou 20 medalhas nacionais e foi a \u00fanica escola particular de Pernambuco a obter ouros na edi\u00e7\u00e3o 2025_&hellip;<\/p>\n","protected":false},"author":1,"featured_media":125052,"comment_status":"closed","ping_status":"open","sticky":false,"template":"","format":"standard","meta":{"footnotes":""},"categories":[14120],"tags":[35366,13146,34301,6,34634],"class_list":["post-125051","post","type-post","status-publish","format-standard","has-post-thumbnail","hentry","category-noticias","tag-alunos-pernambucanos-se-destacam-na-olimpiada-brasileira-de-informatica","tag-blog-edvaldo-magalhaes","tag-colegio-gge","tag-noticias","tag-portal-edvaldo-magalhaes"],"_links":{"self":[{"href":"https:\/\/blogdoedvaldomagalhaes.com.br\/index.php\/wp-json\/wp\/v2\/posts\/125051","targetHints":{"allow":["GET"]}}],"collection":[{"href":"https:\/\/blogdoedvaldomagalhaes.com.br\/index.php\/wp-json\/wp\/v2\/posts"}],"about":[{"href":"https:\/\/blogdoedvaldomagalhaes.com.br\/index.php\/wp-json\/wp\/v2\/types\/post"}],"author":[{"embeddable":true,"href":"https:\/\/blogdoedvaldomagalhaes.com.br\/index.php\/wp-json\/wp\/v2\/users\/1"}],"replies":[{"embeddable":true,"href":"https:\/\/blogdoedvaldomagalhaes.com.br\/index.php\/wp-json\/wp\/v2\/comments?post=125051"}],"version-history":[{"count":1,"href":"https:\/\/blogdoedvaldomagalhaes.com.br\/index.php\/wp-json\/wp\/v2\/posts\/125051\/revisions"}],"predecessor-version":[{"id":125053,"href":"https:\/\/blogdoedvaldomagalhaes.com.br\/index.php\/wp-json\/wp\/v2\/posts\/125051\/revisions\/125053"}],"wp:featuredmedia":[{"embeddable":true,"href":"https:\/\/blogdoedvaldomagalhaes.com.br\/index.php\/wp-json\/wp\/v2\/media\/125052"}],"wp:attachment":[{"href":"https:\/\/blogdoedvaldomagalhaes.com.br\/index.php\/wp-json\/wp\/v2\/media?parent=125051"}],"wp:term":[{"taxonomy":"category","embeddable":true,"href":"https:\/\/blogdoedvaldomagalhaes.com.br\/index.php\/wp-json\/wp\/v2\/categories?post=125051"},{"taxonomy":"post_tag","embeddable":true,"href":"https:\/\/blogdoedvaldomagalhaes.com.br\/index.php\/wp-json\/wp\/v2\/tags?post=125051"}],"curies":[{"name":"wp","href":"https:\/\/api.w.org\/{rel}","templated":true}]}}