{"id":125048,"date":"2025-11-27T15:26:59","date_gmt":"2025-11-27T18:26:59","guid":{"rendered":"https:\/\/blogdoedvaldomagalhaes.com.br\/?p=125048"},"modified":"2025-11-27T15:26:59","modified_gmt":"2025-11-27T18:26:59","slug":"caruaru-pode-instituir-entrega-obrigatoria-de-cartilha-de-direitos-para-pacientes-com-cancer","status":"publish","type":"post","link":"https:\/\/blogdoedvaldomagalhaes.com.br\/index.php\/2025\/11\/27\/caruaru-pode-instituir-entrega-obrigatoria-de-cartilha-de-direitos-para-pacientes-com-cancer\/","title":{"rendered":"Caruaru pode instituir entrega obrigat\u00f3ria de cartilha de direitos para pacientes com c\u00e2ncer"},"content":{"rendered":"<p>_Projeto do vereador Jorge Quintino busca garantir informa\u00e7\u00e3o, direitos e agilidade no acesso aos servi\u00e7os de sa\u00fade_<\/p>\n<p>Nesta quinta-feira (27), o vereador Jorge Quintino protocolou na C\u00e2mara Municipal de Caruaru um requerimento direcionado \u00e0 Prefeitura e \u00e0 Secretaria Municipal de Sa\u00fade solicitando a implanta\u00e7\u00e3o de um *fluxo oficial e obrigat\u00f3rio para a entrega da Cartilha de Direitos da Pessoa com C\u00e2ncer* em todas as unidades da rede p\u00fablica de sa\u00fade do munic\u00edpio.<\/p>\n<p>A proposta estabelece que o material seja disponibilizado imediatamente ap\u00f3s a confirma\u00e7\u00e3o do diagn\u00f3stico e que a entrega seja registrada no prontu\u00e1rio do paciente, garantindo acesso a orienta\u00e7\u00f5es claras sobre tratamento, prazos legais e servi\u00e7os especializados.<\/p>\n<p>A iniciativa tem como objetivo enfrentar um dos principais gargalos no atendimento oncol\u00f3gico: a falta de informa\u00e7\u00e3o. Sem orienta\u00e7\u00e3o adequada, muitas fam\u00edlias desconhecem direitos assegurados por lei \u2014 como o in\u00edcio do tratamento em at\u00e9 60 dias ap\u00f3s o diagn\u00f3stico, por exemplo. <\/p>\n<p>A medida \u00e9 simples, de baixo custo e de alto impacto social, com potencial para melhorar significativamente a jornada dos pacientes oncol\u00f3gicos em Caruaru.<\/p>\n<p>Para Jorge Quintino, a proposta simboliza dignidade e respeito no cuidado com quem enfrenta a doen\u00e7a, _\u201cInformar \u00e9 cuidar; quando o paciente recebe a cartilha no ato do diagn\u00f3stico, garantimos direitos, encurtamos caminhos e salvamos tempo \u2014 que, no c\u00e2ncer, \u00e9 vida._\u201d<\/p>\n<p>O requerimento segue agora para aprecia\u00e7\u00e3o do plen\u00e1rio da Casa Legislativa. Foto: Divulga\u00e7\u00e3o<br \/>\nSiga o Instagram @portaledvaldomagalhaes<\/p>\n","protected":false},"excerpt":{"rendered":"<p>_Projeto do vereador Jorge Quintino busca garantir informa\u00e7\u00e3o, direitos e agilidade no acesso aos servi\u00e7os de sa\u00fade_ Nesta quinta-feira (27),&hellip;<\/p>\n","protected":false},"author":1,"featured_media":125049,"comment_status":"closed","ping_status":"open","sticky":false,"template":"","format":"standard","meta":{"footnotes":""},"categories":[14122],"tags":[13146,35365,20,34634],"class_list":["post-125048","post","type-post","status-publish","format-standard","has-post-thumbnail","hentry","category-politica","tag-blog-edvaldo-magalhaes","tag-caruaru-pode-instituir-entrega-obrigatoria-de-cartilha-de-direitos-para-pacientes-com-cancer","tag-politica","tag-portal-edvaldo-magalhaes"],"_links":{"self":[{"href":"https:\/\/blogdoedvaldomagalhaes.com.br\/index.php\/wp-json\/wp\/v2\/posts\/125048","targetHints":{"allow":["GET"]}}],"collection":[{"href":"https:\/\/blogdoedvaldomagalhaes.com.br\/index.php\/wp-json\/wp\/v2\/posts"}],"about":[{"href":"https:\/\/blogdoedvaldomagalhaes.com.br\/index.php\/wp-json\/wp\/v2\/types\/post"}],"author":[{"embeddable":true,"href":"https:\/\/blogdoedvaldomagalhaes.com.br\/index.php\/wp-json\/wp\/v2\/users\/1"}],"replies":[{"embeddable":true,"href":"https:\/\/blogdoedvaldomagalhaes.com.br\/index.php\/wp-json\/wp\/v2\/comments?post=125048"}],"version-history":[{"count":1,"href":"https:\/\/blogdoedvaldomagalhaes.com.br\/index.php\/wp-json\/wp\/v2\/posts\/125048\/revisions"}],"predecessor-version":[{"id":125050,"href":"https:\/\/blogdoedvaldomagalhaes.com.br\/index.php\/wp-json\/wp\/v2\/posts\/125048\/revisions\/125050"}],"wp:featuredmedia":[{"embeddable":true,"href":"https:\/\/blogdoedvaldomagalhaes.com.br\/index.php\/wp-json\/wp\/v2\/media\/125049"}],"wp:attachment":[{"href":"https:\/\/blogdoedvaldomagalhaes.com.br\/index.php\/wp-json\/wp\/v2\/media?parent=125048"}],"wp:term":[{"taxonomy":"category","embeddable":true,"href":"https:\/\/blogdoedvaldomagalhaes.com.br\/index.php\/wp-json\/wp\/v2\/categories?post=125048"},{"taxonomy":"post_tag","embeddable":true,"href":"https:\/\/blogdoedvaldomagalhaes.com.br\/index.php\/wp-json\/wp\/v2\/tags?post=125048"}],"curies":[{"name":"wp","href":"https:\/\/api.w.org\/{rel}","templated":true}]}}