{"id":125041,"date":"2025-11-27T15:11:01","date_gmt":"2025-11-27T18:11:01","guid":{"rendered":"https:\/\/blogdoedvaldomagalhaes.com.br\/?p=125041"},"modified":"2025-11-27T15:11:01","modified_gmt":"2025-11-27T18:11:01","slug":"tres-homens-morrem-durante-confronto-com-a-policia-no-agreste-de-pernambuco","status":"publish","type":"post","link":"https:\/\/blogdoedvaldomagalhaes.com.br\/index.php\/2025\/11\/27\/tres-homens-morrem-durante-confronto-com-a-policia-no-agreste-de-pernambuco\/","title":{"rendered":"Tr\u00eas homens morrem durante confronto com a pol\u00edcia no Agreste de Pernambuco"},"content":{"rendered":"<p>Uma opera\u00e7\u00e3o integrada entre as pol\u00edcias Civil e Militar terminou com tr\u00eas suspeitos mortos no munic\u00edpio de Paranatama, no Agreste de Pernambuco. A a\u00e7\u00e3o teve como objetivo desarticular uma organiza\u00e7\u00e3o criminosa atuante no tr\u00e1fico de drogas e no roubo de cargas e ve\u00edculos.<\/p>\n<p>Os bandidos utilizavam uma resid\u00eancia como ponto de apoio para guardar materiais il\u00edcitos e planejar novos crimes. Quando chegaram ao local, os policiais foram surpreendidos pelo bando, que come\u00e7aram a atirar nas equipes, dando in\u00edcio a um intenso confronto.<\/p>\n<p>Durante a troca de tiros foram baleados Arthur da Costa Lira, de 23 anos; Matheus Silva Nascimento, 22; e um terceiro criminoso n\u00e3o identificados. Eles chegaram a ser socorridos e morreram no hospital local. Outros dois homens conseguiram fugir pelo matagal.<br \/>\nOs policiais do BEPI apreenderam armas, muni\u00e7\u00f5es, carregadores. A organiza\u00e7\u00e3o criminosa vinha sendo investigada pelo DENARC.<\/p>\n<p>Material Apreendido:<br \/>\n\u2022 01 (um) rev\u00f3lver Taurus, cal. .357 Magnum, modelo Tracker<br \/>\n\u2022 01 (uma) pistola Taurus 24\/7 Pro cal. .40 com numera\u00e7\u00e3o suprimida<br \/>\n\u2022 01 (uma) pistola Taurus PT-59 cal. .380<br \/>\n\u2022 02 (duas) muni\u00e7\u00f5es .38 intactas<br \/>\n\u2022 02 (duas) muni\u00e7\u00f5es .38 deflagradas<br \/>\n\u2022 03 (tr\u00eas) muni\u00e7\u00f5es .357 Magnum deflagradas<br \/>\n\u2022 01 (uma) muni\u00e7\u00e3o cal. .12<br \/>\n\u2022 10 (dez) muni\u00e7\u00f5es .40 intactas<br \/>\n\u2022 06 (seis) muni\u00e7\u00f5es .380 intactas<br \/>\n\u2022 02 (dois) carregadores cal. .380<br \/>\n\u2022 01 (um) carregador cal. .40<br \/>\n\u2022 01 (um) ve\u00edculo Corolla<br \/>\n\u2022 01 (uma) motocicleta Shineray<br \/>\nSiga o Instagram @portaledvaldomagalhaes<br \/>\nFoto: Divulga\u00e7\u00e3o <\/p>\n","protected":false},"excerpt":{"rendered":"<p>Uma opera\u00e7\u00e3o integrada entre as pol\u00edcias Civil e Militar terminou com tr\u00eas suspeitos mortos no munic\u00edpio de Paranatama, no Agreste&hellip;<\/p>\n","protected":false},"author":1,"featured_media":125042,"comment_status":"closed","ping_status":"open","sticky":false,"template":"","format":"standard","meta":{"footnotes":""},"categories":[14121],"tags":[13146,34634,35363],"class_list":["post-125041","post","type-post","status-publish","format-standard","has-post-thumbnail","hentry","category-policial","tag-blog-edvaldo-magalhaes","tag-portal-edvaldo-magalhaes","tag-tres-suspeitos-morrem-durante-confronto-com-a-policia-no-agreste-de-pernambuco"],"_links":{"self":[{"href":"https:\/\/blogdoedvaldomagalhaes.com.br\/index.php\/wp-json\/wp\/v2\/posts\/125041","targetHints":{"allow":["GET"]}}],"collection":[{"href":"https:\/\/blogdoedvaldomagalhaes.com.br\/index.php\/wp-json\/wp\/v2\/posts"}],"about":[{"href":"https:\/\/blogdoedvaldomagalhaes.com.br\/index.php\/wp-json\/wp\/v2\/types\/post"}],"author":[{"embeddable":true,"href":"https:\/\/blogdoedvaldomagalhaes.com.br\/index.php\/wp-json\/wp\/v2\/users\/1"}],"replies":[{"embeddable":true,"href":"https:\/\/blogdoedvaldomagalhaes.com.br\/index.php\/wp-json\/wp\/v2\/comments?post=125041"}],"version-history":[{"count":1,"href":"https:\/\/blogdoedvaldomagalhaes.com.br\/index.php\/wp-json\/wp\/v2\/posts\/125041\/revisions"}],"predecessor-version":[{"id":125043,"href":"https:\/\/blogdoedvaldomagalhaes.com.br\/index.php\/wp-json\/wp\/v2\/posts\/125041\/revisions\/125043"}],"wp:featuredmedia":[{"embeddable":true,"href":"https:\/\/blogdoedvaldomagalhaes.com.br\/index.php\/wp-json\/wp\/v2\/media\/125042"}],"wp:attachment":[{"href":"https:\/\/blogdoedvaldomagalhaes.com.br\/index.php\/wp-json\/wp\/v2\/media?parent=125041"}],"wp:term":[{"taxonomy":"category","embeddable":true,"href":"https:\/\/blogdoedvaldomagalhaes.com.br\/index.php\/wp-json\/wp\/v2\/categories?post=125041"},{"taxonomy":"post_tag","embeddable":true,"href":"https:\/\/blogdoedvaldomagalhaes.com.br\/index.php\/wp-json\/wp\/v2\/tags?post=125041"}],"curies":[{"name":"wp","href":"https:\/\/api.w.org\/{rel}","templated":true}]}}