{"id":1250,"date":"2018-09-21T20:28:00","date_gmt":"2018-09-21T23:28:00","guid":{"rendered":"http:\/\/blogdoedvaldomagalhaes.com.br\/index.php\/2018\/09\/21\/the-look-of-year-2018-tera-selecao-de\/"},"modified":"2019-02-09T02:31:45","modified_gmt":"2019-02-09T04:31:45","slug":"the-look-of-year-2018-tera-selecao-de","status":"publish","type":"post","link":"https:\/\/blogdoedvaldomagalhaes.com.br\/index.php\/2018\/09\/21\/the-look-of-year-2018-tera-selecao-de\/","title":{"rendered":"The Look of The Year 2018 ter\u00e1 sele\u00e7\u00e3o de modelos em Caruaru"},"content":{"rendered":"<div class=\"separator\" style=\"clear: both; text-align: center;\">\n<a href=\"https:\/\/4.bp.blogspot.com\/-ccn3VTZrxWs\/W6VTll-5bwI\/AAAAAAAA6Yc\/KQBV1mP9T9AhSMhJYxTHET8sQCf96kzqgCLcBGAs\/s1600\/rmamz%25C2%25B4pem.jpg\" imageanchor=\"1\" style=\"margin-left: 1em; margin-right: 1em;\"><img loading=\"lazy\" decoding=\"async\" border=\"0\" data-original-height=\"600\" data-original-width=\"1100\" height=\"348\" src=\"http:\/\/blogdoedvaldomagalhaes.com.br\/wp-content\/uploads\/2018\/09\/rmamzC2B4pem.jpg\" width=\"640\" \/><\/a><\/div>\n<div style=\"text-align: justify;\">\n<\/div>\n<div style=\"text-align: justify;\">\nO The Look of the Year, sele\u00e7\u00e3o de modelos nacional realizada pela Joy Model, ter\u00e1 uma seletiva na cidade de Caruaru (PE), em sua quinta edi\u00e7\u00e3o. A ag\u00eancia Rubi Soares est\u00e1 recebendo as inscri\u00e7\u00f5es (com vistas \u00e0 final nacional, que acontecer\u00e1 em S\u00e3o Paulo, no m\u00eas de novembro. Na ocasi\u00e3o, ser\u00e3o eleitos tr\u00eas modelos femininos e um masculino, sendo que a primeira colocada na categoria feminina seguir\u00e1 para a final mundial, prevista para o segundo semestre de 2019, na It\u00e1lia.<\/div>\n<div style=\"text-align: justify;\">\n<\/div>\n<div style=\"text-align: justify;\">\nA etapa de Caruaru acontece dia 27 de setembro, a partir das 14 horas, no Armaz\u00e9m da Criatividade, no Polo Comercial de Caruaru (bairro Nova Caruaru).<\/div>\n<div style=\"text-align: justify;\">\n<\/div>\n<div style=\"text-align: justify;\">\nCom mais de 100 etapas locais e regionais nas principais cidades brasileiras, o The Look of The Year 2018 vai selecionar 20 modelos femininos e cinco masculinos semifinalistas (estes n\u00fameros podem ser modificados). Os vencedores ser\u00e3o premiados com um contrato de trabalho com a Joy Model, um planejamento de carreira nacional e internacional e apoio financeiro e log\u00edstico para manterem-se em S\u00e3o Paulo no in\u00edcio da carreira. Material fotogr\u00e1fico tamb\u00e9m faz parte da premia\u00e7\u00e3o.<\/div>\n<div style=\"text-align: justify;\">\n<\/div>\n<div style=\"text-align: justify;\">\nEntre as \u201cdescobertas\u201d de Liliana Gomes, propriet\u00e1ria da Joy Model e respons\u00e1vel pela seletiva no Brasil, est\u00e3o tops como Gisele Bundchen, Fernanda Tavares, Carol Ribeiro, La\u00eds Ribeiro, Michele Alves, Ana Beatriz Barros, entre diversas outras.<\/div>\n<div style=\"text-align: justify;\">\n<\/div>\n<div style=\"text-align: justify;\">\nSer\u00e3o selecionados, novos modelos para carreira internacional e nacional.&nbsp;<\/div>\n<div style=\"text-align: justify;\">\n<\/div>\n<div style=\"text-align: justify;\">\nModelos femininos: a partir de 16 anos e, no m\u00ednimo, 1.70 de altura.<\/div>\n<div style=\"text-align: justify;\">\n<\/div>\n<div style=\"text-align: justify;\">\nModelos masculinos: a partir dos 16 anos, no m\u00ednimo, 1.80 de altura.<\/div>\n","protected":false},"excerpt":{"rendered":"<p>O The Look of the Year, sele\u00e7\u00e3o de modelos nacional realizada pela Joy Model, ter\u00e1 uma seletiva na cidade de&hellip;<\/p>\n","protected":false},"author":1,"featured_media":0,"comment_status":"open","ping_status":"open","sticky":false,"template":"","format":"standard","meta":{"footnotes":""},"categories":[1],"tags":[2,6,1207],"class_list":["post-1250","post","type-post","status-publish","format-standard","hentry","category-sem-categoria","tag-blog-do-edvaldo-magalhaes","tag-noticias","tag-the-look-of-the-year-2018-tera-selecao-de-modelos-em-caruaru"],"_links":{"self":[{"href":"https:\/\/blogdoedvaldomagalhaes.com.br\/index.php\/wp-json\/wp\/v2\/posts\/1250","targetHints":{"allow":["GET"]}}],"collection":[{"href":"https:\/\/blogdoedvaldomagalhaes.com.br\/index.php\/wp-json\/wp\/v2\/posts"}],"about":[{"href":"https:\/\/blogdoedvaldomagalhaes.com.br\/index.php\/wp-json\/wp\/v2\/types\/post"}],"author":[{"embeddable":true,"href":"https:\/\/blogdoedvaldomagalhaes.com.br\/index.php\/wp-json\/wp\/v2\/users\/1"}],"replies":[{"embeddable":true,"href":"https:\/\/blogdoedvaldomagalhaes.com.br\/index.php\/wp-json\/wp\/v2\/comments?post=1250"}],"version-history":[{"count":1,"href":"https:\/\/blogdoedvaldomagalhaes.com.br\/index.php\/wp-json\/wp\/v2\/posts\/1250\/revisions"}],"predecessor-version":[{"id":34233,"href":"https:\/\/blogdoedvaldomagalhaes.com.br\/index.php\/wp-json\/wp\/v2\/posts\/1250\/revisions\/34233"}],"wp:attachment":[{"href":"https:\/\/blogdoedvaldomagalhaes.com.br\/index.php\/wp-json\/wp\/v2\/media?parent=1250"}],"wp:term":[{"taxonomy":"category","embeddable":true,"href":"https:\/\/blogdoedvaldomagalhaes.com.br\/index.php\/wp-json\/wp\/v2\/categories?post=1250"},{"taxonomy":"post_tag","embeddable":true,"href":"https:\/\/blogdoedvaldomagalhaes.com.br\/index.php\/wp-json\/wp\/v2\/tags?post=1250"}],"curies":[{"name":"wp","href":"https:\/\/api.w.org\/{rel}","templated":true}]}}