{"id":1249,"date":"2018-09-21T20:38:00","date_gmt":"2018-09-21T23:38:00","guid":{"rendered":"http:\/\/blogdoedvaldomagalhaes.com.br\/index.php\/2018\/09\/21\/ii-forum-de-combate-ao-suicidio\/"},"modified":"2019-02-09T02:31:46","modified_gmt":"2019-02-09T04:31:46","slug":"ii-forum-de-combate-ao-suicidio","status":"publish","type":"post","link":"https:\/\/blogdoedvaldomagalhaes.com.br\/index.php\/2018\/09\/21\/ii-forum-de-combate-ao-suicidio\/","title":{"rendered":"II F\u00f3rum de Combate ao Suic\u00eddio realizado em Caruaru promoveu o di\u00e1logo como combate ao suic\u00eddio"},"content":{"rendered":"<div class=\"separator\" style=\"clear: both; text-align: center;\">\n<a href=\"https:\/\/4.bp.blogspot.com\/-ES9EJgax6mw\/W6VV6v8tIMI\/AAAAAAAA6Yo\/LRxalHNx-w0xugC40_SJPNXhIE-CdpwNQCLcBGAs\/s1600\/1.jpeg\" imageanchor=\"1\" style=\"margin-left: 1em; margin-right: 1em;\"><img loading=\"lazy\" decoding=\"async\" border=\"0\" data-original-height=\"960\" data-original-width=\"1280\" height=\"480\" src=\"http:\/\/blogdoedvaldomagalhaes.com.br\/wp-content\/uploads\/2018\/09\/1-3.jpeg\" width=\"640\" \/><\/a><\/div>\n<div class=\"separator\" style=\"clear: both; text-align: center;\">\nFotos: Jana\u00edna Pepeu\/Divulga\u00e7\u00e3o<\/div>\n<div style=\"text-align: justify;\">\n<\/div>\n<div style=\"text-align: justify;\">\nNesta sexta-feira (21), a Prefeitura de Caruaru, atrav\u00e9s de um trabalho integrado e intersetorial entre as Secretarias de Desenvolvimento Social e Direitos Humanos (SDSDH), Sa\u00fade, Educa\u00e7\u00e3o e de Pol\u00edtica para Mulheres (SPM), promoveu o II F\u00f3rum de Combate e Preven\u00e7\u00e3o ao Suic\u00eddio. O evento aconteceu no audit\u00f3rio da Unifavip Wyden para profissionais e acad\u00eamicos da \u00e1rea de sa\u00fade.<\/div>\n<div style=\"text-align: justify;\">\n<\/div>\n<div class=\"separator\" style=\"clear: both; text-align: center;\">\n<a href=\"https:\/\/1.bp.blogspot.com\/-PO5cZrp969M\/W6VWFV68ajI\/AAAAAAAA6Ys\/V7Rf12dB0iYIYj1t75PsEvfscbFJMrpYwCLcBGAs\/s1600\/2.jpeg\" imageanchor=\"1\" style=\"margin-left: 1em; margin-right: 1em;\"><img loading=\"lazy\" decoding=\"async\" border=\"0\" data-original-height=\"960\" data-original-width=\"1280\" height=\"480\" src=\"http:\/\/blogdoedvaldomagalhaes.com.br\/wp-content\/uploads\/2018\/09\/2-1.jpeg\" width=\"640\" \/><\/a><\/div>\n<div style=\"text-align: justify;\">\n<\/div>\n<div style=\"text-align: justify;\">\nO tema suic\u00eddio foi abordado sob diversos pontos de vista. Contribu\u00edram para o debate a professora e psic\u00f3loga da Unifavip Wyden, Maria Diogiv\u00e2nia, a assistente social da SDSDH, Katianny Torres, que \u00e9 tamb\u00e9m volunt\u00e1ria e vice coordenadora do grupo Ponto e V\u00edrgula, al\u00e9m do educador f\u00edsico e propriet\u00e1rio do Centro de Treinamento Action Mais, Maur\u00edcio Magalh\u00e3es, que falou sobre a import\u00e2ncia da atividade f\u00edsica no tratamento da depress\u00e3o.&nbsp;<\/div>\n<div style=\"text-align: justify;\">\n<\/div>\n<div class=\"separator\" style=\"clear: both; text-align: center;\">\n<a href=\"https:\/\/4.bp.blogspot.com\/-GeuAI5i0-5Y\/W6VWSObp_QI\/AAAAAAAA6Y0\/FMjsuJagrc8HrVVQgjdbaS7a65fUuoAPwCLcBGAs\/s1600\/5.jpeg\" imageanchor=\"1\" style=\"margin-left: 1em; margin-right: 1em;\"><img loading=\"lazy\" decoding=\"async\" border=\"0\" data-original-height=\"960\" data-original-width=\"1280\" height=\"480\" src=\"http:\/\/blogdoedvaldomagalhaes.com.br\/wp-content\/uploads\/2018\/09\/5.jpeg\" width=\"640\" \/><\/a><\/div>\n<div style=\"text-align: justify;\">\n<\/div>\n<div style=\"text-align: justify;\">\nO evento contou com a apresenta\u00e7\u00e3o do Coral Cantando a Vida, da SPM, e a apresenta\u00e7\u00e3o teatral do grupo de arte educadores da Secretaria de Sa\u00fade do munic\u00edpio. \u201cO saldo de hoje foi extremamente positivo com as mais de cem pessoas que conseguimos reunir para ouvir as palestras. O saldo da campanha foi positivo, com diversas a\u00e7\u00f5es que promovemos na cidade inteira, que v\u00e3o contribuir para que a gente possa iniciar um novo ciclo, que se Deus quiser, vai se apresentar com \u00edndices cada vez menores de suic\u00eddios\u201d, destacou a coordenadora de Promo\u00e7\u00e3o \u00e0 Diversidade Sexual (LGBT) de Caruaru, Christianny Magalh\u00e3es.<\/div>\n<div style=\"text-align: justify;\">\n<\/div>\n<div class=\"separator\" style=\"clear: both; text-align: center;\">\n<a href=\"https:\/\/2.bp.blogspot.com\/-JhiSYdoKOP0\/W6VWZAb1QQI\/AAAAAAAA6Y8\/QxDqSCtIdekRlWnRfefwPfmbLqOJpFxSQCLcBGAs\/s1600\/3.jpg\" imageanchor=\"1\" style=\"margin-left: 1em; margin-right: 1em;\"><img loading=\"lazy\" decoding=\"async\" border=\"0\" data-original-height=\"908\" data-original-width=\"1366\" height=\"424\" src=\"http:\/\/blogdoedvaldomagalhaes.com.br\/wp-content\/uploads\/2018\/09\/3-6.jpg\" width=\"640\" \/><\/a><\/div>\n<div style=\"text-align: justify;\">\n<\/div>\n<div style=\"text-align: justify;\">\nA programa\u00e7\u00e3o do Setembro Amarelo promovido pela Prefeitura de Caruaru iniciou no \u00faltimo dia cinco com rodas de di\u00e1logos nos Centros de Refer\u00eancia de Assist\u00eancia Social (CRAS), envolvendo as comunidades para debater sobre preven\u00e7\u00e3o ao suic\u00eddio com os usu\u00e1rios de programas sociais como \u201cLeite para Todos\u201d e \u201cCad\u00danico\u201d. Entre as atividades, j\u00e1 foram realizadas panfletagem no centro e uma atividade no audit\u00f3rio da SPM com o intuito de promover a reflex\u00e3o sobre os altos \u00edndices de suic\u00eddio que atingem a popula\u00e7\u00e3o LGBT.<\/div>\n<div style=\"text-align: justify;\">\n<\/div>\n<div class=\"separator\" style=\"clear: both; text-align: center;\">\n<a href=\"https:\/\/4.bp.blogspot.com\/-eQ16qz7E-V0\/W6VWlDwizEI\/AAAAAAAA6ZE\/LzU0RVq3PbcGHzfmX_7VHl3c2UHfszR9wCLcBGAs\/s1600\/4.jpg\" imageanchor=\"1\" style=\"margin-left: 1em; margin-right: 1em;\"><img loading=\"lazy\" decoding=\"async\" border=\"0\" data-original-height=\"908\" data-original-width=\"1366\" height=\"424\" src=\"http:\/\/blogdoedvaldomagalhaes.com.br\/wp-content\/uploads\/2018\/09\/4-3.jpg\" width=\"640\" \/><\/a><\/div>\n<div style=\"text-align: justify;\">\n<\/div>\n<div style=\"text-align: justify;\">\nVale lembrar que durante todo o ano quem precisar de ajuda pode procurar o Centro de Valoriza\u00e7\u00e3o da Vida (CVV) que oferece apoio emocional de forma gratuita, atrav\u00e9s de profissionais especializados, pelo telefone 188 ou pelo site www.cvv.org.br.&nbsp;<\/div>\n<div style=\"text-align: justify;\">\n<\/div>\n","protected":false},"excerpt":{"rendered":"<p>Fotos: Jana\u00edna Pepeu\/Divulga\u00e7\u00e3o Nesta sexta-feira (21), a Prefeitura de Caruaru, atrav\u00e9s de um trabalho integrado e intersetorial entre as Secretarias&hellip;<\/p>\n","protected":false},"author":1,"featured_media":0,"comment_status":"open","ping_status":"open","sticky":false,"template":"","format":"standard","meta":{"footnotes":""},"categories":[1],"tags":[2,1206,6],"class_list":["post-1249","post","type-post","status-publish","format-standard","hentry","category-sem-categoria","tag-blog-do-edvaldo-magalhaes","tag-ii-forum-de-combate-ao-suicidio-realizado-em-caruaru-promoveu-o-dialogo-como-combate-ao-suicidio","tag-noticias"],"_links":{"self":[{"href":"https:\/\/blogdoedvaldomagalhaes.com.br\/index.php\/wp-json\/wp\/v2\/posts\/1249","targetHints":{"allow":["GET"]}}],"collection":[{"href":"https:\/\/blogdoedvaldomagalhaes.com.br\/index.php\/wp-json\/wp\/v2\/posts"}],"about":[{"href":"https:\/\/blogdoedvaldomagalhaes.com.br\/index.php\/wp-json\/wp\/v2\/types\/post"}],"author":[{"embeddable":true,"href":"https:\/\/blogdoedvaldomagalhaes.com.br\/index.php\/wp-json\/wp\/v2\/users\/1"}],"replies":[{"embeddable":true,"href":"https:\/\/blogdoedvaldomagalhaes.com.br\/index.php\/wp-json\/wp\/v2\/comments?post=1249"}],"version-history":[{"count":1,"href":"https:\/\/blogdoedvaldomagalhaes.com.br\/index.php\/wp-json\/wp\/v2\/posts\/1249\/revisions"}],"predecessor-version":[{"id":34239,"href":"https:\/\/blogdoedvaldomagalhaes.com.br\/index.php\/wp-json\/wp\/v2\/posts\/1249\/revisions\/34239"}],"wp:attachment":[{"href":"https:\/\/blogdoedvaldomagalhaes.com.br\/index.php\/wp-json\/wp\/v2\/media?parent=1249"}],"wp:term":[{"taxonomy":"category","embeddable":true,"href":"https:\/\/blogdoedvaldomagalhaes.com.br\/index.php\/wp-json\/wp\/v2\/categories?post=1249"},{"taxonomy":"post_tag","embeddable":true,"href":"https:\/\/blogdoedvaldomagalhaes.com.br\/index.php\/wp-json\/wp\/v2\/tags?post=1249"}],"curies":[{"name":"wp","href":"https:\/\/api.w.org\/{rel}","templated":true}]}}