{"id":124852,"date":"2025-11-20T12:16:13","date_gmt":"2025-11-20T15:16:13","guid":{"rendered":"https:\/\/blogdoedvaldomagalhaes.com.br\/?p=124852"},"modified":"2025-11-20T12:49:17","modified_gmt":"2025-11-20T15:49:17","slug":"amaro-matias-poderia-ser-patrono-da-educacao-de-caruaru-por-jenerson-alves","status":"publish","type":"post","link":"https:\/\/blogdoedvaldomagalhaes.com.br\/index.php\/2025\/11\/20\/amaro-matias-poderia-ser-patrono-da-educacao-de-caruaru-por-jenerson-alves\/","title":{"rendered":"Amaro Matias poderia ser Patrono da Educa\u00e7\u00e3o de Caruaru \u2013 por J\u00e9nerson Alves"},"content":{"rendered":"<p>Artigo<br \/>\nSe enaltecer refer\u00eancias negras \u00e9 um caminho para combater o racismo, bem como a cultura de subalterniza\u00e7\u00e3o do negro, em Caruaru sobejam figuras que merecem destaque. No \u00e2mbito da intelectualidade, o professor Amaro Matias Silva \u00e9 um desses \u00edcones. Dono do ep\u00edteto \u201cEducador de Gera\u00e7\u00f5es\u201d, ele era um pol\u00edmata: estat\u00edstico, advogado, jornalista, defensor do tupi-guarani e cultor de her\u00e1ldica. Embora tenha nascido em \u00c1gua Preta, radicou-se em Caruaru, onde lecionou em v\u00e1rios educand\u00e1rios, notabilizando-se pelo seu extraordin\u00e1rio poder de comunica\u00e7\u00e3o.<\/p>\n<p>A bandeira de Caruaru foi criada pelo professor Matias, com as cores verde, branco e vermelho \u2013 que representam, respectivamente, a fertilidade da terra, a celebra\u00e7\u00e3o da paz e a coragem do povo. Esse pavilh\u00e3o foi institu\u00eddo em 13 de maio de 1972, mediante um pedido do ent\u00e3o prefeito Anast\u00e1cio Rodrigues.<\/p>\n<p>Membro da Academia Caruaruense de Cultura, Ci\u00eancias e Letras (Acaccil), Amaro Matias escreveu livros como \u2018Das musas de ontem e de hoje\u2019, \u2018Meus caminhos\u2019 e uma das melhores gram\u00e1ticas conhecidas: \u2018Aprendendo nossa l\u00edngua\u2019 \u2013 na qual expressou todo o anseio de que a juventude desenvolvesse conhecimentos acerca do idioma p\u00e1trio.<\/p>\n<p>Falecido em 4 de abril de 2002, aos 80 anos, ainda hoje seu legado \u00e9 motivo de estudos e homenagens em Pernambuco. Um equipamento que mant\u00e9m viva sua mem\u00f3ria \u00e9 a Escola Municipal Professor Amaro Matias, situada na Rua Major Jo\u00e3o Coelho, nas Rendeiras, em Caruaru. Ademais, uma cinebiografia est\u00e1 sendo produzida e dirigida pelo cineasta Marcus Ithallu. <\/p>\n<p>Pode o Munic\u00edpio estabelecer outras formas de exaltar sua hist\u00f3ria \u2013 e, com isso, incentivar as novas gera\u00e7\u00f5es a trilharem jornadas semelhantes pelo universo do saber. Op\u00e7\u00e3o interessante \u00e9 estabelecer Amaro Matias como Patrono da Educa\u00e7\u00e3o Municipal, oficializando o reconhecimento como \u2018Educador de Gera\u00e7\u00f5es\u2019. Um homem negro, estudioso, de elevados conhecimentos e inequ\u00edvoca contribui\u00e7\u00e3o para a intelectualidade no munic\u00edpio e na regi\u00e3o: predicados indispens\u00e1veis para iluminar uma juventude carente de rumo.<br \/>\n_J\u00e9nerson Alves \u00e9 jornalista, professor e poeta_<br \/>\nFoto: Reprodu\u00e7\u00e3o\/Acaccil<br \/>\nSiga o Instagram @portaledvaldomagalhaes<\/p>\n","protected":false},"excerpt":{"rendered":"<p>Artigo Se enaltecer refer\u00eancias negras \u00e9 um caminho para combater o racismo, bem como a cultura de subalterniza\u00e7\u00e3o do negro,&hellip;<\/p>\n","protected":false},"author":1,"featured_media":124853,"comment_status":"closed","ping_status":"open","sticky":false,"template":"","format":"standard","meta":{"footnotes":""},"categories":[14120],"tags":[35312,13146,34634],"class_list":["post-124852","post","type-post","status-publish","format-standard","has-post-thumbnail","hentry","category-noticias","tag-amaro-matias-poderia-ser-patrono-da-educacao-de-caruaru-por-jenerson-alves","tag-blog-edvaldo-magalhaes","tag-portal-edvaldo-magalhaes"],"_links":{"self":[{"href":"https:\/\/blogdoedvaldomagalhaes.com.br\/index.php\/wp-json\/wp\/v2\/posts\/124852","targetHints":{"allow":["GET"]}}],"collection":[{"href":"https:\/\/blogdoedvaldomagalhaes.com.br\/index.php\/wp-json\/wp\/v2\/posts"}],"about":[{"href":"https:\/\/blogdoedvaldomagalhaes.com.br\/index.php\/wp-json\/wp\/v2\/types\/post"}],"author":[{"embeddable":true,"href":"https:\/\/blogdoedvaldomagalhaes.com.br\/index.php\/wp-json\/wp\/v2\/users\/1"}],"replies":[{"embeddable":true,"href":"https:\/\/blogdoedvaldomagalhaes.com.br\/index.php\/wp-json\/wp\/v2\/comments?post=124852"}],"version-history":[{"count":2,"href":"https:\/\/blogdoedvaldomagalhaes.com.br\/index.php\/wp-json\/wp\/v2\/posts\/124852\/revisions"}],"predecessor-version":[{"id":124858,"href":"https:\/\/blogdoedvaldomagalhaes.com.br\/index.php\/wp-json\/wp\/v2\/posts\/124852\/revisions\/124858"}],"wp:featuredmedia":[{"embeddable":true,"href":"https:\/\/blogdoedvaldomagalhaes.com.br\/index.php\/wp-json\/wp\/v2\/media\/124853"}],"wp:attachment":[{"href":"https:\/\/blogdoedvaldomagalhaes.com.br\/index.php\/wp-json\/wp\/v2\/media?parent=124852"}],"wp:term":[{"taxonomy":"category","embeddable":true,"href":"https:\/\/blogdoedvaldomagalhaes.com.br\/index.php\/wp-json\/wp\/v2\/categories?post=124852"},{"taxonomy":"post_tag","embeddable":true,"href":"https:\/\/blogdoedvaldomagalhaes.com.br\/index.php\/wp-json\/wp\/v2\/tags?post=124852"}],"curies":[{"name":"wp","href":"https:\/\/api.w.org\/{rel}","templated":true}]}}