{"id":124842,"date":"2025-11-20T11:23:44","date_gmt":"2025-11-20T14:23:44","guid":{"rendered":"https:\/\/blogdoedvaldomagalhaes.com.br\/?p=124842"},"modified":"2025-11-20T12:55:55","modified_gmt":"2025-11-20T15:55:55","slug":"pe-na-estrada-governadora-raquel-lyra-autoriza-mais-de-r-25-milhoes-em-obras-viarias-em-tres-regioes-do-estado","status":"publish","type":"post","link":"https:\/\/blogdoedvaldomagalhaes.com.br\/index.php\/2025\/11\/20\/pe-na-estrada-governadora-raquel-lyra-autoriza-mais-de-r-25-milhoes-em-obras-viarias-em-tres-regioes-do-estado\/","title":{"rendered":"PE na Estrada: governadora Raquel Lyra autoriza mais de R$ 25 milh\u00f5es em obras vi\u00e1rias em tr\u00eas regi\u00f5es do Estado"},"content":{"rendered":"<p>Pernambuco avan\u00e7ou, nessa quarta-feira (19), em mais um conjunto de obras para refor\u00e7ar a infraestrutura vi\u00e1ria de tr\u00eas regi\u00f5es do Estado. A governadora Raquel Lyra assinou quatro novas ordens de servi\u00e7o que somam mais de R$ 25 milh\u00f5es dentro do programa PE na Estrada, com interven\u00e7\u00f5es na Mata Sul, Mata Norte e Regi\u00e3o Metropolitana. Durante as assinaturas, a gestora destacou que a recupera\u00e7\u00e3o das estradas \u00e9 decisiva para destravar o desenvolvimento e garantir mais seguran\u00e7a \u00e0 popula\u00e7\u00e3o.<\/p>\n<p>\u201cS\u00e3o R$ 25 milh\u00f5es em quatro ordens de servi\u00e7o em \u00e1reas estrat\u00e9gicas que v\u00e3o melhorar a qualidade de vida da popula\u00e7\u00e3o, fortalecer o turismo e atrair novos investimentos. As interven\u00e7\u00f5es na Zona da Mata Norte e Sul e no Litoral Sul ajudam a reposicionar a infraestrutura vi\u00e1ria do Estado. Pernambuco garante o escoamento da produ\u00e7\u00e3o, melhoria da competitividade e assegura \u00e0 popula\u00e7\u00e3o o direito de ir e vir com mais seguran\u00e7a e qualidade\u201d, destacou a governadora Raquel Lyra.<\/p>\n<p>Todos os recursos das obras s\u00e3o provenientes de autoriza\u00e7\u00f5es de cr\u00e9dito obtidas pelo Estado. Entre as interven\u00e7\u00f5es autorizadas, est\u00e1 a restaura\u00e7\u00e3o da PE-076, entre a Reserva de Saltinho, na PE-060, e o munic\u00edpio de Tamandar\u00e9, um dos principais acessos ao Litoral Sul, com investimento de R$ 9,9 milh\u00f5es. Tamb\u00e9m foi liberada a obra do trecho remanescente da PE-064, em Sirinha\u00e9m, que receber\u00e1 R$ 11,3 milh\u00f5es para recuperar 6,09 km de rodovia.<\/p>\n<p>&#8220;Tudo o que est\u00e1 sendo feito no Litoral Sul, o que est\u00e1 sendo feito pelo nosso turismo \u00e9 para colocar nossas praias no lugar onde sempre deveriam estar. \u00c9 um dia de comemorar porque trabalho feito em conjunto, feito a muitas m\u00e3os, gera resultado. E o resultado \u00e9 Pernambuco crescendo&#8221;, afirmou o secret\u00e1rio de Mobilidade e Infraestrutura, Andr\u00e9 Teixeira Filho.<\/p>\n<p>A governadora ainda autorizou a\u00e7\u00f5es emergenciais na PE-004 e na PE-041, ambas com pontos cr\u00edticos de eros\u00e3o. Na PE-004, em Condado, ser\u00e3o recuperados 3,5 km de pista, com R$ 1,6 milh\u00e3o. J\u00e1 a PE-041, pr\u00f3ximo a Igarassu, receber\u00e1 melhorias ao longo de 11,02 km, totalizando R$ 2,2 milh\u00f5es, incluindo pavimento, drenagem e terraplanagem.<\/p>\n<p>A prefeita de Igarassu, Elcione Ramos, destacou a relev\u00e2ncia das interven\u00e7\u00f5es para o norte da Regi\u00e3o Metropolitana. \u201c\u00c9 mais mobilidade para nossa cidade e quem ganha \u00e9 toda a regi\u00e3o. Estamos recebendo obras muito importantes, que h\u00e1 muito tempo n\u00e3o recebiam esse olhar especial\u201d, afirmou.<\/p>\n<p>O deputado estadual Romero Sales Filho destacou o impacto positivo das requalifica\u00e7\u00f5es j\u00e1 realizadas. \u201cEm Ipojuca, todas as estradas foram requalificadas. Elas j\u00e1 s\u00e3o retrato do que o Governo de Pernambuco tem feito, com obras de excelente qualidade\u201d, declarou. O deputado estadual France Hacker refor\u00e7ou a import\u00e2ncia das entregas na vida da popula\u00e7\u00e3o. \u201cFoi esta gest\u00e3o que tirou os sonhos dos pernambucanos do papel. Agora, se andarmos pelo Estado, vamos ver o que tem sido feito, assim como o povo sente e reconhece\u201d, disse.<\/p>\n<p>*PE NA ESTRADA* \u2013 As novas ordens de servi\u00e7o refor\u00e7am a execu\u00e7\u00e3o do PE na Estrada, que j\u00e1 recuperou mais de 1.300 km de rodovias desde 2023, somando R$ 1,7 bilh\u00e3o aplicados. At\u00e9 o final de 2026, o Governo de Pernambuco deve investir R$ 5,1 bilh\u00f5es na reestrutura\u00e7\u00e3o da malha vi\u00e1ria estadual, por meio da Semobi e do Departamento de Estradas de Rodagem de Pernambuco (DER-PE).<\/p>\n<p>Tamb\u00e9m estavam presentes no evento os secret\u00e1rios estaduais T\u00falio Vila\u00e7a (Casa Civil) e Jo\u00e3o Salles (Assessoria Especial \u00e0 Governadora e Rela\u00e7\u00f5es Internacionais); o deputado estadual Ant\u00f4nio Moraes; e os prefeitos Armando Pimentel (Itamb\u00e9), Manoel da Retifica (Sirinha\u00e9m) e J\u00fanior de Irm\u00e3 Teca (Itapissuma); al\u00e9m de Andr\u00e9 Fonseca, diretor-presidente do DER.<br \/>\nSiga o Instagram @portaledvaldomagalhaes<br \/>\nFoto: Miva Filho\/Secom<\/p>\n","protected":false},"excerpt":{"rendered":"<p>Pernambuco avan\u00e7ou, nessa quarta-feira (19), em mais um conjunto de obras para refor\u00e7ar a infraestrutura vi\u00e1ria de tr\u00eas regi\u00f5es do&hellip;<\/p>\n","protected":false},"author":1,"featured_media":124845,"comment_status":"closed","ping_status":"open","sticky":false,"template":"","format":"standard","meta":{"footnotes":""},"categories":[14120],"tags":[13146,2252,35309,20,34634,1229],"class_list":["post-124842","post","type-post","status-publish","format-standard","has-post-thumbnail","hentry","category-noticias","tag-blog-edvaldo-magalhaes","tag-noticia","tag-pe-na-estrada-governadora-raquel-lyra-autoriza-mais-de-r-25-milhoes-em-obras-viarias-em-tres-regioes-do-estado","tag-politica","tag-portal-edvaldo-magalhaes","tag-raquel-lyra"],"_links":{"self":[{"href":"https:\/\/blogdoedvaldomagalhaes.com.br\/index.php\/wp-json\/wp\/v2\/posts\/124842","targetHints":{"allow":["GET"]}}],"collection":[{"href":"https:\/\/blogdoedvaldomagalhaes.com.br\/index.php\/wp-json\/wp\/v2\/posts"}],"about":[{"href":"https:\/\/blogdoedvaldomagalhaes.com.br\/index.php\/wp-json\/wp\/v2\/types\/post"}],"author":[{"embeddable":true,"href":"https:\/\/blogdoedvaldomagalhaes.com.br\/index.php\/wp-json\/wp\/v2\/users\/1"}],"replies":[{"embeddable":true,"href":"https:\/\/blogdoedvaldomagalhaes.com.br\/index.php\/wp-json\/wp\/v2\/comments?post=124842"}],"version-history":[{"count":3,"href":"https:\/\/blogdoedvaldomagalhaes.com.br\/index.php\/wp-json\/wp\/v2\/posts\/124842\/revisions"}],"predecessor-version":[{"id":124859,"href":"https:\/\/blogdoedvaldomagalhaes.com.br\/index.php\/wp-json\/wp\/v2\/posts\/124842\/revisions\/124859"}],"wp:featuredmedia":[{"embeddable":true,"href":"https:\/\/blogdoedvaldomagalhaes.com.br\/index.php\/wp-json\/wp\/v2\/media\/124845"}],"wp:attachment":[{"href":"https:\/\/blogdoedvaldomagalhaes.com.br\/index.php\/wp-json\/wp\/v2\/media?parent=124842"}],"wp:term":[{"taxonomy":"category","embeddable":true,"href":"https:\/\/blogdoedvaldomagalhaes.com.br\/index.php\/wp-json\/wp\/v2\/categories?post=124842"},{"taxonomy":"post_tag","embeddable":true,"href":"https:\/\/blogdoedvaldomagalhaes.com.br\/index.php\/wp-json\/wp\/v2\/tags?post=124842"}],"curies":[{"name":"wp","href":"https:\/\/api.w.org\/{rel}","templated":true}]}}