{"id":124840,"date":"2025-11-20T11:14:01","date_gmt":"2025-11-20T14:14:01","guid":{"rendered":"https:\/\/blogdoedvaldomagalhaes.com.br\/?p=124840"},"modified":"2025-11-20T12:57:23","modified_gmt":"2025-11-20T15:57:23","slug":"bom-prato-pernambuco-atinge-marco-historico-com-mais-de-1-milhao-de-refeicoes-servidas-por-mes","status":"publish","type":"post","link":"https:\/\/blogdoedvaldomagalhaes.com.br\/index.php\/2025\/11\/20\/bom-prato-pernambuco-atinge-marco-historico-com-mais-de-1-milhao-de-refeicoes-servidas-por-mes\/","title":{"rendered":"Bom Prato: Pernambuco atinge marco hist\u00f3rico com mais de 1 milh\u00e3o de refei\u00e7\u00f5es servidas por m\u00eas"},"content":{"rendered":"<p>O Governo de Pernambuco atingiu um marco hist\u00f3rico na pol\u00edtica de seguran\u00e7a alimentar do Estado. O Programa Bom Prato, bra\u00e7o do Pernambuco Sem Fome, alcan\u00e7ou a marca de mais de um milh\u00e3o de refei\u00e7\u00f5es servidas mensalmente para pessoas em situa\u00e7\u00e3o de vulnerabilidade. Com 237 cozinhas comunit\u00e1rias em funcionamento \u2014 cada uma ofertando, no m\u00ednimo, 200 refei\u00e7\u00f5es di\u00e1rias de segunda a sexta-feira \u2014 Pernambuco chega \u00e0 marca de 1.042.800 refei\u00e7\u00f5es entregues por m\u00eas, considerando a m\u00e9dia de 22 dias \u00fateis.<\/p>\n<p>\u201cO Programa Bom Prato \u00e9 fundamental para garantir que mais pernambucanos tenham acesso a alimenta\u00e7\u00e3o nutritiva e \u00e0 seguran\u00e7a alimentar. Desde 2023, j\u00e1 servimos mais de 19,4 milh\u00f5es de refei\u00e7\u00f5es e entregamos 182 novas cozinhas comunit\u00e1rias somente nesta gest\u00e3o, mostrando que se trata de uma das pol\u00edticas p\u00fablicas mais s\u00f3lidas e importantes do nosso Estado\u201d, afirmou a governadora Raquel Lyra.<\/p>\n<p>Nesta quarta-feira (19), a inaugura\u00e7\u00e3o da Cozinha Comunit\u00e1ria Veraneio, em Arcoverde, no Sert\u00e3o do Moxot\u00f3, ampliou a rede para 237 unidades ativas, refor\u00e7ando o compromisso do Governo do Estado com a expans\u00e3o do acesso \u00e0 alimenta\u00e7\u00e3o de qualidade. Esta \u00e9 a terceira cozinha comunit\u00e1ria em funcionamento no munic\u00edpio. O equipamento conta com uma equipe de oito profissionais e oferece almo\u00e7o \u00e0 comunidade das 6h \u00e0s 14h, de segunda a sexta-feira.<\/p>\n<p>Para o secret\u00e1rio estadual de Assist\u00eancia Social, Combate \u00e0 Fome e Pol\u00edticas sobre Drogas (SAS), Carlos Braga, a expans\u00e3o do programa demonstra o compromisso do Governo do Estado com quem mais precisa. \u201cEsperamos chegar \u00e0s 300 cozinhas comunit\u00e1rias at\u00e9 o final do ano. Esse esfor\u00e7o evidencia a seriedade da gest\u00e3o Raquel Lyra com a popula\u00e7\u00e3o vulner\u00e1vel. A fome n\u00e3o espera\u201d, pontuou o titular da pasta.<\/p>\n<p>O avan\u00e7o expressivo do Bom Prato \u00e9 resultado da prioridade dada ao combate \u00e0 fome na atual gest\u00e3o. At\u00e9 2022, Pernambuco contava com apenas 55 cozinhas comunit\u00e1rias ativas. Em pouco mais de dois anos, com repasses rigorosamente em dia e apoio t\u00e9cnico cont\u00ednuo da SAS, os munic\u00edpios aderiram fortemente \u00e0 iniciativa.<\/p>\n<p>Os equipamentos, sob gest\u00e3o municipal, recebem aporte inicial de R$ 50 mil para implanta\u00e7\u00e3o e, ap\u00f3s a inaugura\u00e7\u00e3o, repasse mensal de R$ 20 mil. Cada unidade oferece, no m\u00ednimo, 200 refei\u00e7\u00f5es di\u00e1rias para pessoas encaminhadas pelos equipamentos da assist\u00eancia social, como CRAS e CREAS.<br \/>\nSeja seguidor do Instagram @portaledvaldomagalhaes<br \/>\nFoto: Miva Filho\/Secom<\/p>\n","protected":false},"excerpt":{"rendered":"<p>O Governo de Pernambuco atingiu um marco hist\u00f3rico na pol\u00edtica de seguran\u00e7a alimentar do Estado. O Programa Bom Prato, bra\u00e7o&hellip;<\/p>\n","protected":false},"author":1,"featured_media":124847,"comment_status":"closed","ping_status":"open","sticky":false,"template":"","format":"standard","meta":{"footnotes":""},"categories":[14120],"tags":[13146,35310,20,34634],"class_list":["post-124840","post","type-post","status-publish","format-standard","has-post-thumbnail","hentry","category-noticias","tag-blog-edvaldo-magalhaes","tag-bom-prato-pernambuco-atinge-marco-historico-com-mais-de-1-milhao-de-refeicoes-servidas-por-mes","tag-politica","tag-portal-edvaldo-magalhaes"],"_links":{"self":[{"href":"https:\/\/blogdoedvaldomagalhaes.com.br\/index.php\/wp-json\/wp\/v2\/posts\/124840","targetHints":{"allow":["GET"]}}],"collection":[{"href":"https:\/\/blogdoedvaldomagalhaes.com.br\/index.php\/wp-json\/wp\/v2\/posts"}],"about":[{"href":"https:\/\/blogdoedvaldomagalhaes.com.br\/index.php\/wp-json\/wp\/v2\/types\/post"}],"author":[{"embeddable":true,"href":"https:\/\/blogdoedvaldomagalhaes.com.br\/index.php\/wp-json\/wp\/v2\/users\/1"}],"replies":[{"embeddable":true,"href":"https:\/\/blogdoedvaldomagalhaes.com.br\/index.php\/wp-json\/wp\/v2\/comments?post=124840"}],"version-history":[{"count":4,"href":"https:\/\/blogdoedvaldomagalhaes.com.br\/index.php\/wp-json\/wp\/v2\/posts\/124840\/revisions"}],"predecessor-version":[{"id":124861,"href":"https:\/\/blogdoedvaldomagalhaes.com.br\/index.php\/wp-json\/wp\/v2\/posts\/124840\/revisions\/124861"}],"wp:featuredmedia":[{"embeddable":true,"href":"https:\/\/blogdoedvaldomagalhaes.com.br\/index.php\/wp-json\/wp\/v2\/media\/124847"}],"wp:attachment":[{"href":"https:\/\/blogdoedvaldomagalhaes.com.br\/index.php\/wp-json\/wp\/v2\/media?parent=124840"}],"wp:term":[{"taxonomy":"category","embeddable":true,"href":"https:\/\/blogdoedvaldomagalhaes.com.br\/index.php\/wp-json\/wp\/v2\/categories?post=124840"},{"taxonomy":"post_tag","embeddable":true,"href":"https:\/\/blogdoedvaldomagalhaes.com.br\/index.php\/wp-json\/wp\/v2\/tags?post=124840"}],"curies":[{"name":"wp","href":"https:\/\/api.w.org\/{rel}","templated":true}]}}