{"id":124838,"date":"2025-11-20T11:12:39","date_gmt":"2025-11-20T14:12:39","guid":{"rendered":"https:\/\/blogdoedvaldomagalhaes.com.br\/?p=124838"},"modified":"2025-11-20T12:21:24","modified_gmt":"2025-11-20T15:21:24","slug":"ganhe-o-mundo-governo-de-pernambuco-envia-119-estudantes-da-rede-estadual-para-intercambio-no-canada","status":"publish","type":"post","link":"https:\/\/blogdoedvaldomagalhaes.com.br\/index.php\/2025\/11\/20\/ganhe-o-mundo-governo-de-pernambuco-envia-119-estudantes-da-rede-estadual-para-intercambio-no-canada\/","title":{"rendered":"Ganhe o Mundo: Governo de Pernambuco envia 119 estudantes da rede estadual para interc\u00e2mbio no Canad\u00e1"},"content":{"rendered":"<p>O Governo de Pernambuco, por meio da Secretaria Estadual de Educa\u00e7\u00e3o (SEE), realiza o primeiro embarque do Programa Ganhe o Mundo (PGM) para o Canad\u00e1. Nesta primeira leva, 119 estudantes de diversas regi\u00f5es do Estado seguem viagem pelo Aeroporto Internacional dos Guararapes, com destino a Toronto, Vancouver e Calgary, para passar 18 semanas aperfei\u00e7oando um segundo idioma por meio da viv\u00eancia pr\u00e1tica. As partidas t\u00eam in\u00edcio \u00e0s 9h, com 75 estudantes viajando na sexta-feira e 44 no s\u00e1bado.<\/p>\n<p>\u201cVer nossos estudantes embarcando para o Canad\u00e1 \u00e9 motivo de orgulho. Estamos muito felizes em proporcionar essa oportunidade para que eles possam vivenciar novas culturas e aperfei\u00e7oar um segundo idioma. O Programa Ganhe o Mundo refor\u00e7a o compromisso do Governo de Pernambuco com a educa\u00e7\u00e3o de qualidade, preparando nossos jovens para um futuro cheio de oportunidades e experi\u00eancias internacionais\u201d, enfatizou a governadora Raquel Lyra.<\/p>\n<p>Neste m\u00eas, 219 estudantes do ensino m\u00e9dio da rede p\u00fablica de Pernambuco embarcar\u00e3o para o interc\u00e2mbio, garantindo pelo menos um representante de cada munic\u00edpio do Estado. Os pr\u00f3ximos voos est\u00e3o previstos para os dias 28 e 29 de novembro, e todos os participantes receber\u00e3o seus certificados de conclus\u00e3o ao final da experi\u00eancia. Ao todo, 700 estudantes da rede estadual viajar\u00e3o para o Canad\u00e1, em embarques que ocorrer\u00e3o entre os meses de novembro, dezembro e janeiro.<\/p>\n<p>O secret\u00e1rio de Educa\u00e7\u00e3o, Gilson Monteiro, destacou que o impacto do programa est\u00e1 na forma\u00e7\u00e3o integral dos jovens. \u201cAcreditamos que todos os estudantes devem ter a oportunidade n\u00e3o apenas de participar de um interc\u00e2mbio, mas tamb\u00e9m de se capacitar, se qualificar, conhecer novas culturas e retornar com experi\u00eancias que fortale\u00e7am nossa educa\u00e7\u00e3o. Esses jovens voltam como monitores, certificados, aptos a dar continuidade a esse trabalho e a engrandecer ainda mais a educa\u00e7\u00e3o do nosso Estado\u201d, explica o titular da pasta.<\/p>\n<p>Em todo o trajeto Recife\u2013Canad\u00e1, os estudantes ser\u00e3o acompanhados pela equipe da SEE e pelos coordenadores da empresa ONE Operadora. Ao desembarcarem no Canad\u00e1, os alunos receber\u00e3o orienta\u00e7\u00f5es sobre as normas do programa, o per\u00edodo de adapta\u00e7\u00e3o e a rotina escolar que ir\u00e3o vivenciar. Ap\u00f3s as instru\u00e7\u00f5es, os jovens seguir\u00e3o para as casas das respectivas fam\u00edlias anfitri\u00e3s, que os acolher\u00e3o durante todo o interc\u00e2mbio.<\/p>\n<p>*GANHE O MUNDO* &#8211; Por meio do PGM, 191 estudantes da rede estadual viajaram para o Chile em 2025. Al\u00e9m da oportunidade de estudar em outro pa\u00eds, o programa de interc\u00e2mbio do Governo de Pernambuco oferece aos jovens seguro sa\u00fade internacional, acomoda\u00e7\u00e3o em casas de fam\u00edlia (host family) com todas as refei\u00e7\u00f5es inclu\u00eddas e uma bolsa mensal de R$ 1.620. Todos os estudantes que participam da iniciativa tamb\u00e9m recebem malas de viagem.<br \/>\nFoto: Hes\u00edodo G\u00f3es\/Secom<br \/>\nSiga o Instagram @portaledvaldomagalhaes<\/p>\n","protected":false},"excerpt":{"rendered":"<p>O Governo de Pernambuco, por meio da Secretaria Estadual de Educa\u00e7\u00e3o (SEE), realiza o primeiro embarque do Programa Ganhe o&hellip;<\/p>\n","protected":false},"author":1,"featured_media":124850,"comment_status":"closed","ping_status":"open","sticky":false,"template":"","format":"standard","meta":{"footnotes":""},"categories":[14120],"tags":[13146,35311,20,34634],"class_list":["post-124838","post","type-post","status-publish","format-standard","has-post-thumbnail","hentry","category-noticias","tag-blog-edvaldo-magalhaes","tag-ganhe-o-mundo-governo-de-pernambuco-envia-119-estudantes-da-rede-estadual-para-intercambio-no-canada","tag-politica","tag-portal-edvaldo-magalhaes"],"_links":{"self":[{"href":"https:\/\/blogdoedvaldomagalhaes.com.br\/index.php\/wp-json\/wp\/v2\/posts\/124838","targetHints":{"allow":["GET"]}}],"collection":[{"href":"https:\/\/blogdoedvaldomagalhaes.com.br\/index.php\/wp-json\/wp\/v2\/posts"}],"about":[{"href":"https:\/\/blogdoedvaldomagalhaes.com.br\/index.php\/wp-json\/wp\/v2\/types\/post"}],"author":[{"embeddable":true,"href":"https:\/\/blogdoedvaldomagalhaes.com.br\/index.php\/wp-json\/wp\/v2\/users\/1"}],"replies":[{"embeddable":true,"href":"https:\/\/blogdoedvaldomagalhaes.com.br\/index.php\/wp-json\/wp\/v2\/comments?post=124838"}],"version-history":[{"count":3,"href":"https:\/\/blogdoedvaldomagalhaes.com.br\/index.php\/wp-json\/wp\/v2\/posts\/124838\/revisions"}],"predecessor-version":[{"id":124856,"href":"https:\/\/blogdoedvaldomagalhaes.com.br\/index.php\/wp-json\/wp\/v2\/posts\/124838\/revisions\/124856"}],"wp:featuredmedia":[{"embeddable":true,"href":"https:\/\/blogdoedvaldomagalhaes.com.br\/index.php\/wp-json\/wp\/v2\/media\/124850"}],"wp:attachment":[{"href":"https:\/\/blogdoedvaldomagalhaes.com.br\/index.php\/wp-json\/wp\/v2\/media?parent=124838"}],"wp:term":[{"taxonomy":"category","embeddable":true,"href":"https:\/\/blogdoedvaldomagalhaes.com.br\/index.php\/wp-json\/wp\/v2\/categories?post=124838"},{"taxonomy":"post_tag","embeddable":true,"href":"https:\/\/blogdoedvaldomagalhaes.com.br\/index.php\/wp-json\/wp\/v2\/tags?post=124838"}],"curies":[{"name":"wp","href":"https:\/\/api.w.org\/{rel}","templated":true}]}}