{"id":124834,"date":"2025-11-19T22:41:59","date_gmt":"2025-11-20T01:41:59","guid":{"rendered":"https:\/\/blogdoedvaldomagalhaes.com.br\/?p=124834"},"modified":"2025-11-19T22:43:38","modified_gmt":"2025-11-20T01:43:38","slug":"vereador-joao-neto-solicita-que-sejam-instalados-sonorizadores-antes-dos-radares-eletronicos","status":"publish","type":"post","link":"https:\/\/blogdoedvaldomagalhaes.com.br\/index.php\/2025\/11\/19\/vereador-joao-neto-solicita-que-sejam-instalados-sonorizadores-antes-dos-radares-eletronicos\/","title":{"rendered":"Vereador Jo\u00e3o Neto solicita que sejam instalados sonorizadores antes dos radares eletr\u00f4nicos"},"content":{"rendered":"\n<p><\/p>\n\n\n<p>A proposi\u00e7\u00e3o tem por finalidade solicitar a instala\u00e7\u00e3o de sonorizadores (tachas refletivas <span style=\"font-size: revert;\">sonoras) antes de todos os radares eletr\u00f4nicos instalados no munic\u00edpio. Essa medida busca refor\u00e7ar a <\/span><span style=\"font-size: revert;\">seguran\u00e7a vi\u00e1ria, ampliando a percep\u00e7\u00e3o dos condutores quanto \u00e0 proximidade dos equipamentos de <\/span><span style=\"font-size: revert;\">fiscaliza\u00e7\u00e3o de velocidade, reduzindo o risco de frenagens bruscas, colis\u00f5es traseiras e demais <\/span><span style=\"font-size: revert;\">acidentes.<\/span><\/p>\n<p>Os sonorizadores funcionam como um alerta adicional, especialmente em vias de maior fluxo <span style=\"font-size: revert;\">ou onde h\u00e1 hist\u00f3rico de acidentes, proporcionando ao motorista um est\u00edmulo visual e sonoro <\/span><span style=\"font-size: revert;\">antecipado. Al\u00e9m disso, a instala\u00e7\u00e3o desse dispositivo se alinha \u00e0s boas pr\u00e1ticas de engenharia de <\/span><span style=\"font-size: revert;\">tr\u00e1fego, contribuindo para maior ordenamento das vias e prote\u00e7\u00e3o de pedestres, motociclistas,<\/span><span style=\"font-size: revert;\">ciclistas e demais usu\u00e1rios. Foto: Divulga\u00e7\u00e3o \u00a0 \u00a0 \u00a0<br \/>Siga o Instagram @portaledvaldomagalhaes<\/span><\/p>","protected":false},"excerpt":{"rendered":"<p>A proposi\u00e7\u00e3o tem por finalidade solicitar a instala\u00e7\u00e3o de sonorizadores (tachas refletivas sonoras) antes de todos os radares eletr\u00f4nicos instalados&hellip;<\/p>\n","protected":false},"author":1,"featured_media":124835,"comment_status":"closed","ping_status":"open","sticky":false,"template":"","format":"standard","meta":{"footnotes":""},"categories":[14122],"tags":[],"class_list":["post-124834","post","type-post","status-publish","format-standard","has-post-thumbnail","hentry","category-politica"],"_links":{"self":[{"href":"https:\/\/blogdoedvaldomagalhaes.com.br\/index.php\/wp-json\/wp\/v2\/posts\/124834","targetHints":{"allow":["GET"]}}],"collection":[{"href":"https:\/\/blogdoedvaldomagalhaes.com.br\/index.php\/wp-json\/wp\/v2\/posts"}],"about":[{"href":"https:\/\/blogdoedvaldomagalhaes.com.br\/index.php\/wp-json\/wp\/v2\/types\/post"}],"author":[{"embeddable":true,"href":"https:\/\/blogdoedvaldomagalhaes.com.br\/index.php\/wp-json\/wp\/v2\/users\/1"}],"replies":[{"embeddable":true,"href":"https:\/\/blogdoedvaldomagalhaes.com.br\/index.php\/wp-json\/wp\/v2\/comments?post=124834"}],"version-history":[{"count":2,"href":"https:\/\/blogdoedvaldomagalhaes.com.br\/index.php\/wp-json\/wp\/v2\/posts\/124834\/revisions"}],"predecessor-version":[{"id":124837,"href":"https:\/\/blogdoedvaldomagalhaes.com.br\/index.php\/wp-json\/wp\/v2\/posts\/124834\/revisions\/124837"}],"wp:featuredmedia":[{"embeddable":true,"href":"https:\/\/blogdoedvaldomagalhaes.com.br\/index.php\/wp-json\/wp\/v2\/media\/124835"}],"wp:attachment":[{"href":"https:\/\/blogdoedvaldomagalhaes.com.br\/index.php\/wp-json\/wp\/v2\/media?parent=124834"}],"wp:term":[{"taxonomy":"category","embeddable":true,"href":"https:\/\/blogdoedvaldomagalhaes.com.br\/index.php\/wp-json\/wp\/v2\/categories?post=124834"},{"taxonomy":"post_tag","embeddable":true,"href":"https:\/\/blogdoedvaldomagalhaes.com.br\/index.php\/wp-json\/wp\/v2\/tags?post=124834"}],"curies":[{"name":"wp","href":"https:\/\/api.w.org\/{rel}","templated":true}]}}