{"id":124831,"date":"2025-11-19T22:22:06","date_gmt":"2025-11-20T01:22:06","guid":{"rendered":"https:\/\/blogdoedvaldomagalhaes.com.br\/?p=124831"},"modified":"2025-11-19T22:22:06","modified_gmt":"2025-11-20T01:22:06","slug":"confira-detalhes-sobre-o-funcionamento-dos-servicos-publicos-municipais-nesta-quinta-20-e-na-sexta-21","status":"publish","type":"post","link":"https:\/\/blogdoedvaldomagalhaes.com.br\/index.php\/2025\/11\/19\/confira-detalhes-sobre-o-funcionamento-dos-servicos-publicos-municipais-nesta-quinta-20-e-na-sexta-21\/","title":{"rendered":"Confira detalhes sobre o funcionamento dos servi\u00e7os p\u00fablicos municipais nesta quinta (20) e na sexta (21)"},"content":{"rendered":"<p>_Nesta quinta, ser\u00e1 comemorado o Dia da Consci\u00eancia Negra, enquanto que, na sexta, foi decretado ponto facultativo no munic\u00edpio_<\/p>\n<p>A Prefeitura de Caruaru, atrav\u00e9s da Secretaria de Administra\u00e7\u00e3o (SAD), informa quais reparti\u00e7\u00f5es p\u00fablicas do munic\u00edpio funcionar\u00e3o e quais os hor\u00e1rios estar\u00e3o atendendo nesta quinta-feira (20), quando ser\u00e1 celebrado o Dia da Consci\u00eancia Negra, e na sexta-feira (21), que ser\u00e1 ponto facultativo.<\/p>\n<p>Secretaria de Sa\u00fade: UPA, SAMU, Maternidade Municipal de Caruaru &#8211; Santa Dulce dos Pobres e Hospital Manoel Afonso funcionar\u00e3o normalmente. <\/p>\n<p>Secretaria de Sustentabilidade e Bem-estar Animal: os parques municipais estar\u00e3o funcionando das 6h \u00e0s 18h. A Via Parque funcionar\u00e1 das 6h \u00e0s 22h. A AME Animal tamb\u00e9m estar\u00e1 fechada e os atendimentos ser\u00e3o retomados na segunda (24). <\/p>\n<p>Secretaria da Mulher: o Centro de Refer\u00eancia da Mulher Maria Neuma Silva Lira (CRM) segue com funcionamento 24h. Tamb\u00e9m \u00e9 poss\u00edvel entrar em contato com o CRM por meio do n\u00famero: (81) 98384-4310.<\/p>\n<p>Secretaria Executiva do Parque 18 de Maio: a Feira da Moda de Caruaru funcionar\u00e1 normalmente na quinta (20), das 9h \u00e0s 22h, e na sexta (21), das 4h \u00e0s 13h. <\/p>\n<p>Secretaria de Assist\u00eancia Social e Combate \u00e0 Fome: mant\u00e9m o plant\u00e3o do aux\u00edlio funeral, pelos n\u00fameros (81) 98384-2410 e (81) 98384-3756. O atendimento da pernoite para a popula\u00e7\u00e3o em situa\u00e7\u00e3o de rua funciona normalmente, na Rua Souza Lima, s\/n\u00ba, bairro Nossa Senhora das Dores (rua paralela \u00e0 Rua Saldanha da Gama). A equipe de abordagem social tamb\u00e9m estar\u00e1 em atividade.<\/p>\n<p>Secretaria de Desenvolvimento Econ\u00f4mico, Turismo, Tecnologia e Economia Criativa: o Centro de Atendimento ao Turista, no Monte Bom Jesus, funcionar\u00e1 das 8h \u00e0s 20h.<\/p>\n<p>Ceaca: o administrativo ser\u00e1 fechado e o mercado funcionar\u00e1 normalmente.<br \/>\nSiga o Instagram @portaledvaldomagalhaes<br \/>\nFoto: Rafael Moreira<\/p>\n","protected":false},"excerpt":{"rendered":"<p>_Nesta quinta, ser\u00e1 comemorado o Dia da Consci\u00eancia Negra, enquanto que, na sexta, foi decretado ponto facultativo no munic\u00edpio_ A&hellip;<\/p>\n","protected":false},"author":1,"featured_media":124832,"comment_status":"closed","ping_status":"open","sticky":false,"template":"","format":"standard","meta":{"footnotes":""},"categories":[14120],"tags":[13146,35308,34966],"class_list":["post-124831","post","type-post","status-publish","format-standard","has-post-thumbnail","hentry","category-noticias","tag-blog-edvaldo-magalhaes","tag-confira-detalhes-sobre-o-funcionamento-dos-servicos-publicos-municipais-nesta-quinta-20-e-na-sexta-21","tag-porta-edvaldo-magalhaes"],"_links":{"self":[{"href":"https:\/\/blogdoedvaldomagalhaes.com.br\/index.php\/wp-json\/wp\/v2\/posts\/124831","targetHints":{"allow":["GET"]}}],"collection":[{"href":"https:\/\/blogdoedvaldomagalhaes.com.br\/index.php\/wp-json\/wp\/v2\/posts"}],"about":[{"href":"https:\/\/blogdoedvaldomagalhaes.com.br\/index.php\/wp-json\/wp\/v2\/types\/post"}],"author":[{"embeddable":true,"href":"https:\/\/blogdoedvaldomagalhaes.com.br\/index.php\/wp-json\/wp\/v2\/users\/1"}],"replies":[{"embeddable":true,"href":"https:\/\/blogdoedvaldomagalhaes.com.br\/index.php\/wp-json\/wp\/v2\/comments?post=124831"}],"version-history":[{"count":1,"href":"https:\/\/blogdoedvaldomagalhaes.com.br\/index.php\/wp-json\/wp\/v2\/posts\/124831\/revisions"}],"predecessor-version":[{"id":124833,"href":"https:\/\/blogdoedvaldomagalhaes.com.br\/index.php\/wp-json\/wp\/v2\/posts\/124831\/revisions\/124833"}],"wp:featuredmedia":[{"embeddable":true,"href":"https:\/\/blogdoedvaldomagalhaes.com.br\/index.php\/wp-json\/wp\/v2\/media\/124832"}],"wp:attachment":[{"href":"https:\/\/blogdoedvaldomagalhaes.com.br\/index.php\/wp-json\/wp\/v2\/media?parent=124831"}],"wp:term":[{"taxonomy":"category","embeddable":true,"href":"https:\/\/blogdoedvaldomagalhaes.com.br\/index.php\/wp-json\/wp\/v2\/categories?post=124831"},{"taxonomy":"post_tag","embeddable":true,"href":"https:\/\/blogdoedvaldomagalhaes.com.br\/index.php\/wp-json\/wp\/v2\/tags?post=124831"}],"curies":[{"name":"wp","href":"https:\/\/api.w.org\/{rel}","templated":true}]}}