{"id":124828,"date":"2025-11-19T22:08:44","date_gmt":"2025-11-20T01:08:44","guid":{"rendered":"https:\/\/blogdoedvaldomagalhaes.com.br\/?p=124828"},"modified":"2025-11-19T22:08:44","modified_gmt":"2025-11-20T01:08:44","slug":"carro-roubado-capota-e-e-recuperado-pela-prf-em-caruaru","status":"publish","type":"post","link":"https:\/\/blogdoedvaldomagalhaes.com.br\/index.php\/2025\/11\/19\/carro-roubado-capota-e-e-recuperado-pela-prf-em-caruaru\/","title":{"rendered":"Carro roubado capota e \u00e9 recuperado pela PRF em Caruaru"},"content":{"rendered":"<p>Um carro roubado que havia capotado na BR 104, em Caruaru, foi recuperado na ter\u00e7a-feira (18), pela Pol\u00edcia Rodovi\u00e1ria Federal (PRF). O ve\u00edculo possu\u00eda registro de roubo desde o dia 28 de outubro deste ano, no Recife.<\/p>\n<p>Por volta das 18h30, a PRF foi acionada para atender um capotamento no Km 66 da rodovia. Ao chegar no local, encontrou um carro na faixa da esquerda da rodovia e sem ningu\u00e9m por perto.<\/p>\n<p>De acordo com populares, o motorista teria perdido o controle da dire\u00e7\u00e3o e em seguida abandonou o ve\u00edculo junto com o passageiro. A equipe da PRF realizou uma verifica\u00e7\u00e3o no ve\u00edculo e descobriu que o ve\u00edculo possu\u00eda diversas adultera\u00e7\u00f5es e um registro de roubo.<\/p>\n<p>O carro foi encaminhado \u00e0 Delegacia de Pol\u00edcia Civil de Caruaru, para ser devolvido ao propriet\u00e1rio. Foto: Divulga\u00e7\u00e3o<br \/>\nSiga o Instagram @portaledvaldomagalhaes<\/p>\n","protected":false},"excerpt":{"rendered":"<p>Um carro roubado que havia capotado na BR 104, em Caruaru, foi recuperado na ter\u00e7a-feira (18), pela Pol\u00edcia Rodovi\u00e1ria Federal&hellip;<\/p>\n","protected":false},"author":1,"featured_media":124829,"comment_status":"closed","ping_status":"open","sticky":false,"template":"","format":"standard","meta":{"footnotes":""},"categories":[14121],"tags":[13146,35307,34634],"class_list":["post-124828","post","type-post","status-publish","format-standard","has-post-thumbnail","hentry","category-policial","tag-blog-edvaldo-magalhaes","tag-carro-roubado-capota-e-e-recuperado-pela-prf-em-caruaru","tag-portal-edvaldo-magalhaes"],"_links":{"self":[{"href":"https:\/\/blogdoedvaldomagalhaes.com.br\/index.php\/wp-json\/wp\/v2\/posts\/124828","targetHints":{"allow":["GET"]}}],"collection":[{"href":"https:\/\/blogdoedvaldomagalhaes.com.br\/index.php\/wp-json\/wp\/v2\/posts"}],"about":[{"href":"https:\/\/blogdoedvaldomagalhaes.com.br\/index.php\/wp-json\/wp\/v2\/types\/post"}],"author":[{"embeddable":true,"href":"https:\/\/blogdoedvaldomagalhaes.com.br\/index.php\/wp-json\/wp\/v2\/users\/1"}],"replies":[{"embeddable":true,"href":"https:\/\/blogdoedvaldomagalhaes.com.br\/index.php\/wp-json\/wp\/v2\/comments?post=124828"}],"version-history":[{"count":1,"href":"https:\/\/blogdoedvaldomagalhaes.com.br\/index.php\/wp-json\/wp\/v2\/posts\/124828\/revisions"}],"predecessor-version":[{"id":124830,"href":"https:\/\/blogdoedvaldomagalhaes.com.br\/index.php\/wp-json\/wp\/v2\/posts\/124828\/revisions\/124830"}],"wp:featuredmedia":[{"embeddable":true,"href":"https:\/\/blogdoedvaldomagalhaes.com.br\/index.php\/wp-json\/wp\/v2\/media\/124829"}],"wp:attachment":[{"href":"https:\/\/blogdoedvaldomagalhaes.com.br\/index.php\/wp-json\/wp\/v2\/media?parent=124828"}],"wp:term":[{"taxonomy":"category","embeddable":true,"href":"https:\/\/blogdoedvaldomagalhaes.com.br\/index.php\/wp-json\/wp\/v2\/categories?post=124828"},{"taxonomy":"post_tag","embeddable":true,"href":"https:\/\/blogdoedvaldomagalhaes.com.br\/index.php\/wp-json\/wp\/v2\/tags?post=124828"}],"curies":[{"name":"wp","href":"https:\/\/api.w.org\/{rel}","templated":true}]}}