{"id":124825,"date":"2025-11-19T21:59:18","date_gmt":"2025-11-20T00:59:18","guid":{"rendered":"https:\/\/blogdoedvaldomagalhaes.com.br\/?p=124825"},"modified":"2025-11-19T21:59:18","modified_gmt":"2025-11-20T00:59:18","slug":"anderson-correia-reune-ongs-e-protetores-na-mata-norte-e-impulsiona-pre-candidatura-a-deputado-estadual","status":"publish","type":"post","link":"https:\/\/blogdoedvaldomagalhaes.com.br\/index.php\/2025\/11\/19\/anderson-correia-reune-ongs-e-protetores-na-mata-norte-e-impulsiona-pre-candidatura-a-deputado-estadual\/","title":{"rendered":"Anderson Correia re\u00fane ONGs e protetores na Mata Norte e impulsiona pr\u00e9-candidatura a deputado estadual"},"content":{"rendered":"<p>O vereador e pr\u00e9-candidato a deputado estadual Anderson Correia (PP) esteve, nesta quarta-feira (19), na regi\u00e3o da Mata Norte de Pernambuco, onde participou de uma s\u00e9rie de atividades voltadas ao fortalecimento das pol\u00edticas p\u00fablicas animalistas e ao di\u00e1logo com lideran\u00e7as locais \u2014 a\u00e7\u00f5es que refor\u00e7am sua pr\u00e9-candidatura \u00e0 Assembleia Legislativa de Pernambuco. A agenda incluiu visitas e um encontro, na cidade de Condado, que reuniu protetores independentes, representantes de ONGs e defensores da causa animal de munic\u00edpios da regi\u00e3o &#8211; a exemplo de, al\u00e9m de Condado, Goiana e Alian\u00e7a. Durante o evento, Correia ministrou uma palestra da Caravana do Direito Animal, abordando legisla\u00e7\u00e3o, pol\u00edticas p\u00fablicas e estrat\u00e9gias de prote\u00e7\u00e3o e acolhimento aos animais.<\/p>\n<p>O parlamentar, que tamb\u00e9m \u00e9 advogado animalista e refer\u00eancia no combate aos maus-tratos em Pernambuco, aproveitou a oportunidade para ouvir de perto as demandas das lideran\u00e7as presentes, promovendo um debate aberto sobre desafios regionais e caminhos para fortalecer as a\u00e7\u00f5es de prote\u00e7\u00e3o animal. A reuni\u00e3o contou ainda com autoridades municipais e representantes institucionais da Mata Norte, evidenciando a import\u00e2ncia da pauta no cen\u00e1rio pol\u00edtico e social da regi\u00e3o. Correia tamb\u00e9m concedeu uma entrevista em uma r\u00e1dio local de Goiana, refor\u00e7ando seu compromisso com a conscientiza\u00e7\u00e3o e expans\u00e3o das pol\u00edticas animalistas.<\/p>\n<p>\u201cFiquei extremamente lisonjeado com o convite do povo da Mata Norte para levar orienta\u00e7\u00f5es e compartilhar conhecimento sobre o direito animal. Foi uma honra poder palestrar, ouvir as necessidades da regi\u00e3o e contribuir de alguma forma com aqueles que dedicam suas vidas \u00e0 defesa dos animais. Parab\u00e9ns a todos pela dedica\u00e7\u00e3o em fazer esse momento acontecer. S\u00e3o encontros como esse que fortalecem o movimento animalista e aproximam a luta por pol\u00edticas p\u00fablicas eficientes das pessoas que, diariamente, atuam na linha de frente em prol da prote\u00e7\u00e3o animal. Seguimos firmes fortalecendo a causa em Pernambuco\u201d, destacou Correia.<br \/>\nSeja seguidor do Instagram @portaledvaldomagalhaes<br \/>\nFoto: Divulga\u00e7\u00e3o <\/p>\n","protected":false},"excerpt":{"rendered":"<p>O vereador e pr\u00e9-candidato a deputado estadual Anderson Correia (PP) esteve, nesta quarta-feira (19), na regi\u00e3o da Mata Norte de&hellip;<\/p>\n","protected":false},"author":1,"featured_media":124826,"comment_status":"closed","ping_status":"open","sticky":false,"template":"","format":"standard","meta":{"footnotes":""},"categories":[14122],"tags":[35306,13146,20,34634],"class_list":["post-124825","post","type-post","status-publish","format-standard","has-post-thumbnail","hentry","category-politica","tag-anderson-correia-reune-ongs-e-protetores-na-mata-norte-e-impulsiona-pre-candidatura-a-deputado-estadual","tag-blog-edvaldo-magalhaes","tag-politica","tag-portal-edvaldo-magalhaes"],"_links":{"self":[{"href":"https:\/\/blogdoedvaldomagalhaes.com.br\/index.php\/wp-json\/wp\/v2\/posts\/124825","targetHints":{"allow":["GET"]}}],"collection":[{"href":"https:\/\/blogdoedvaldomagalhaes.com.br\/index.php\/wp-json\/wp\/v2\/posts"}],"about":[{"href":"https:\/\/blogdoedvaldomagalhaes.com.br\/index.php\/wp-json\/wp\/v2\/types\/post"}],"author":[{"embeddable":true,"href":"https:\/\/blogdoedvaldomagalhaes.com.br\/index.php\/wp-json\/wp\/v2\/users\/1"}],"replies":[{"embeddable":true,"href":"https:\/\/blogdoedvaldomagalhaes.com.br\/index.php\/wp-json\/wp\/v2\/comments?post=124825"}],"version-history":[{"count":1,"href":"https:\/\/blogdoedvaldomagalhaes.com.br\/index.php\/wp-json\/wp\/v2\/posts\/124825\/revisions"}],"predecessor-version":[{"id":124827,"href":"https:\/\/blogdoedvaldomagalhaes.com.br\/index.php\/wp-json\/wp\/v2\/posts\/124825\/revisions\/124827"}],"wp:featuredmedia":[{"embeddable":true,"href":"https:\/\/blogdoedvaldomagalhaes.com.br\/index.php\/wp-json\/wp\/v2\/media\/124826"}],"wp:attachment":[{"href":"https:\/\/blogdoedvaldomagalhaes.com.br\/index.php\/wp-json\/wp\/v2\/media?parent=124825"}],"wp:term":[{"taxonomy":"category","embeddable":true,"href":"https:\/\/blogdoedvaldomagalhaes.com.br\/index.php\/wp-json\/wp\/v2\/categories?post=124825"},{"taxonomy":"post_tag","embeddable":true,"href":"https:\/\/blogdoedvaldomagalhaes.com.br\/index.php\/wp-json\/wp\/v2\/tags?post=124825"}],"curies":[{"name":"wp","href":"https:\/\/api.w.org\/{rel}","templated":true}]}}