{"id":124822,"date":"2025-11-19T15:37:35","date_gmt":"2025-11-19T18:37:35","guid":{"rendered":"https:\/\/blogdoedvaldomagalhaes.com.br\/?p=124822"},"modified":"2025-11-19T15:37:35","modified_gmt":"2025-11-19T18:37:35","slug":"governo-investe-r-133-milhoes-na-ampliacao-do-hospital-regional-do-agreste","status":"publish","type":"post","link":"https:\/\/blogdoedvaldomagalhaes.com.br\/index.php\/2025\/11\/19\/governo-investe-r-133-milhoes-na-ampliacao-do-hospital-regional-do-agreste\/","title":{"rendered":"Governo investe R$ 133 milh\u00f5es na amplia\u00e7\u00e3o do Hospital Regional do Agreste"},"content":{"rendered":"<p><span style=\"font-size: revert;\">Considerando uma refer\u00eancia na sa\u00fade p\u00fablica do Estado, o Hospital Regional do Agreste (HRA), localizado em Caruaru, no Agreste Central, ser\u00e1 contemplado com uma grande obra de amplia\u00e7\u00e3o. O Governo do Estado investir\u00e1 R$ 133,3 milh\u00f5es na constru\u00e7\u00e3o de um anexo, que vai mais do que dobrar a capacidade de atendimento da unidade de sa\u00fade. O hospital passar\u00e1 a ter 370 leitos &#8211; hoje possui 157. O edital de licita\u00e7\u00e3o para contrata\u00e7\u00e3o da empresa que ficar\u00e1 respons\u00e1vel pelas obras foi publicado no Di\u00e1rio Oficial do Estado nesta quarta-feira (19).<\/span><\/p>\n<p>&#8220;Estamos melhorando e ampliando a rede hospitalar em todo estado. Esse investimento de R$ 133,3 milh\u00f5es no Hospital Regional do Agreste \u00e9 mais uma prova disso, com benef\u00edcios que ir\u00e3o chegar n\u00e3o apenas para os moradores de Caruaru, mas tamb\u00e9m dos munic\u00edpios vizinhos. Em maio deste ano, j\u00e1 hav\u00edamos dado in\u00edcio ao atendimento no Hospital da Mulher da Agreste para assegurar \u00e0s mulheres da regi\u00e3o um atendimento especializado sem a necessidade de se deslocar para o Recife. A cada a\u00e7\u00e3o, vamos transformando para melhor a sa\u00fade em Pernambuco&#8221;, afirmou a governadora Raquel Lyra.<\/p>\n<p>Al\u00e9m do aumento do n\u00famero de leitos, o bloco anexo do HRA ter\u00e1 novos ambulat\u00f3rio e laborat\u00f3rio. O objetivo da amplia\u00e7\u00e3o \u00e9 agilizar e humanizar o atendimento, evitando o deslocamento de pacientes para unidades de sa\u00fade localizadas no Recife ou na Regi\u00e3o Metropolitana.<\/p>\n<p>\u201cA publica\u00e7\u00e3o do edital de licita\u00e7\u00e3o para ampliar o HGA nos d\u00e1 uma enorme felicidade, pela import\u00e2ncia do projeto. A gest\u00e3o da governadora Raquel Lyra, em uma nova frente, vai aumentar de forma significativa a capacidade instalada de um hospital que \u00e9 estrat\u00e9gico. O HGA est\u00e1 \u00e0s margens da BR-232 e \u00e9 refer\u00eancia para o Agreste e Sert\u00e3o. Al\u00e9m da amplia\u00e7\u00e3o na assist\u00eancia, vai dar suporte valioso \u00e0s grandes emerg\u00eancias da Regi\u00e3o Metropolitana com a redu\u00e7\u00e3o de transfer\u00eancia de pacientes da regi\u00e3o para as unidades da capital. Trata-se de mais uma a\u00e7\u00e3o direcionada no fortalecimento da sa\u00fade do interior&#8221;, refor\u00e7ou a secret\u00e1ria de Sa\u00fade, Zilda Cavalcanti.<\/p>\n<p>O projeto de amplia\u00e7\u00e3o do HRA foi desenvolvido pela Secretaria de Projetos Estrat\u00e9gicos (Sepe). &#8220;Esta \u00e9 uma licita\u00e7\u00e3o emblem\u00e1tica para a melhoria da sa\u00fade p\u00fablica de Pernambuco. O hospital, que hoje tem 157 leitos, vai ganhar 213 novos leitos, totalizando 370. Com isso, garantimos um atendimento mais \u00e1gil e mais assertivo para a popula\u00e7\u00e3o de todo o Agreste&#8221;, frisou o secret\u00e1rio titular da Sepe, Rodrigo Ribeiro.<\/p>\n<p>A obra ser\u00e1 executada pela Companhia Estadual de Obras e Habita\u00e7\u00e3o (Cehab). O prazo \u00e9 de 18 meses, contados a partir da assinatura da ordem de servi\u00e7o. \u201cEstamos falando de uma expans\u00e3o hist\u00f3rica para o Hospital Regional do Agreste. A Cehab tem orgulho de conduzir uma obra que vai transformar a capacidade de atendimento e levar mais dignidade aos pacientes de toda a regi\u00e3o\u201d, pontuou o diretor presidente da Cehab, Paulo Lira.<br \/>\n<span style=\"font-size: revert;\">Siga o instagram @portaledvaldomagalhaes<br \/>\n<\/span><span style=\"font-size: revert;\">Foto: \u00a0Divulga\u00e7\u00e3o\/SES<\/span><\/p>\n","protected":false},"excerpt":{"rendered":"<p>Considerando uma refer\u00eancia na sa\u00fade p\u00fablica do Estado, o Hospital Regional do Agreste (HRA), localizado em Caruaru, no Agreste Central,&hellip;<\/p>\n","protected":false},"author":1,"featured_media":124823,"comment_status":"closed","ping_status":"open","sticky":false,"template":"","format":"standard","meta":{"footnotes":""},"categories":[14120],"tags":[13146,2083,34634],"class_list":["post-124822","post","type-post","status-publish","format-standard","has-post-thumbnail","hentry","category-noticias","tag-blog-edvaldo-magalhaes","tag-hra","tag-portal-edvaldo-magalhaes"],"_links":{"self":[{"href":"https:\/\/blogdoedvaldomagalhaes.com.br\/index.php\/wp-json\/wp\/v2\/posts\/124822","targetHints":{"allow":["GET"]}}],"collection":[{"href":"https:\/\/blogdoedvaldomagalhaes.com.br\/index.php\/wp-json\/wp\/v2\/posts"}],"about":[{"href":"https:\/\/blogdoedvaldomagalhaes.com.br\/index.php\/wp-json\/wp\/v2\/types\/post"}],"author":[{"embeddable":true,"href":"https:\/\/blogdoedvaldomagalhaes.com.br\/index.php\/wp-json\/wp\/v2\/users\/1"}],"replies":[{"embeddable":true,"href":"https:\/\/blogdoedvaldomagalhaes.com.br\/index.php\/wp-json\/wp\/v2\/comments?post=124822"}],"version-history":[{"count":1,"href":"https:\/\/blogdoedvaldomagalhaes.com.br\/index.php\/wp-json\/wp\/v2\/posts\/124822\/revisions"}],"predecessor-version":[{"id":124824,"href":"https:\/\/blogdoedvaldomagalhaes.com.br\/index.php\/wp-json\/wp\/v2\/posts\/124822\/revisions\/124824"}],"wp:featuredmedia":[{"embeddable":true,"href":"https:\/\/blogdoedvaldomagalhaes.com.br\/index.php\/wp-json\/wp\/v2\/media\/124823"}],"wp:attachment":[{"href":"https:\/\/blogdoedvaldomagalhaes.com.br\/index.php\/wp-json\/wp\/v2\/media?parent=124822"}],"wp:term":[{"taxonomy":"category","embeddable":true,"href":"https:\/\/blogdoedvaldomagalhaes.com.br\/index.php\/wp-json\/wp\/v2\/categories?post=124822"},{"taxonomy":"post_tag","embeddable":true,"href":"https:\/\/blogdoedvaldomagalhaes.com.br\/index.php\/wp-json\/wp\/v2\/tags?post=124822"}],"curies":[{"name":"wp","href":"https:\/\/api.w.org\/{rel}","templated":true}]}}