{"id":124817,"date":"2025-11-19T13:49:35","date_gmt":"2025-11-19T16:49:35","guid":{"rendered":"https:\/\/blogdoedvaldomagalhaes.com.br\/?p=124817"},"modified":"2025-11-19T14:01:35","modified_gmt":"2025-11-19T17:01:35","slug":"caruaru-recebe-projeto-saude-e-fe-em-acao-com-foco-na-prevencao-e-promocao-da-saude-masculina-quinta-21-e-sexta-22","status":"publish","type":"post","link":"https:\/\/blogdoedvaldomagalhaes.com.br\/index.php\/2025\/11\/19\/caruaru-recebe-projeto-saude-e-fe-em-acao-com-foco-na-prevencao-e-promocao-da-saude-masculina-quinta-21-e-sexta-22\/","title":{"rendered":"Caruaru recebe projeto &#8220;Sa\u00fade e F\u00e9 em A\u00e7\u00e3o&#8221; com foco na preven\u00e7\u00e3o e promo\u00e7\u00e3o da sa\u00fade masculina quinta (21) e sexta (22)"},"content":{"rendered":"<p>Caruaru recebe o projeto &#8220;Sa\u00fade e F\u00e9 em A\u00e7\u00e3o&#8221; com Foco na Preven\u00e7\u00e3o e Promo\u00e7\u00e3o da <span style=\"font-size: revert;\">Sa\u00fade Masculina, sexta-feira (21) e s\u00e1bado (22). Ser\u00e1 uma<\/span><span style=\"font-size: revert;\"> importante iniciativa de sa\u00fade<\/span><\/p>\n<p>A a\u00e7\u00e3o social &#8220;Sa\u00fade e F\u00e9 em A\u00e7\u00e3o \u2013 M\u00e3os que Curam, Palavras <span style=\"font-size: revert;\">que Salvam&#8221;, <\/span><span style=\"font-size: revert;\">faz parte das celebra\u00e7\u00f5es do Novembro Azul, tendo como foco a <\/span><span style=\"font-size: revert;\">promo\u00e7\u00e3o da sa\u00fade masculina, al\u00e9m de oferecer preven\u00e7\u00e3o, acolhimento e orienta\u00e7\u00e3o para <\/span><span style=\"font-size: revert;\">toda a comunidade. <\/span><span style=\"font-size: revert;\">O evento acontecer\u00e1 na Via Park, em frente \u00e0 Esta\u00e7\u00e3o Ferrovi\u00e1ria, ao lado do Grande Hotel, <\/span><span style=\"font-size: revert;\">em Caruaru.<\/span><\/p>\n<p>Os Servi\u00e7os ser\u00e3o Oferecidos Gratuitamente <span style=\"font-size: revert;\">Durante os dois dias. A popula\u00e7\u00e3o ter\u00e1 acesso a servi\u00e7os essenciais de sa\u00fade e atividades <\/span><span style=\"font-size: revert;\">de bem-estar:<\/span><\/p>\n<p>\u2022 Ultrassonografia de Pr\u00f3stata: O exame ser\u00e1 realizado em uma Unidade M\u00f3vel pelo m\u00e9dico <span style=\"font-size: revert;\">Dr. Marcel Caldas.<\/span><\/p>\n<p>\u2022 Palestra.<\/p>\n<p>\u2022 A\u00e7\u00f5es de Promo\u00e7\u00e3o da Sa\u00fade: Aferi\u00e7\u00e3o de press\u00e3o e Glicemia<\/p>\n<p>\u2022 Atividades Recreativas: Incluindo pula-pula, pipoca e algod\u00e3o doce.<\/p>\n<p>Apoio Institucional<\/p>\n<p>A a\u00e7\u00e3o conta com o apoio da Secretaria Municipal de Sa\u00fade de Caruaru, que dar\u00e1 suporte <span style=\"font-size: revert;\">operacional e acompanhar\u00e1 o desenvolvimento das atividades. O objetivo \u00e9 alcan\u00e7ar o <\/span><span style=\"font-size: revert;\">maior n\u00famero poss\u00edvel de participantes e fortalecer o impacto positivo desta iniciativa no <\/span><span style=\"font-size: revert;\">munic\u00edpio.<\/span><\/p>\n<p>Servi\u00e7o:<\/p>\n<p>\u2022 Evento: Sa\u00fade e F\u00e9 em A\u00e7\u00e3o \u2013 M\u00e3os que Curam, Palavras que Salvam<\/p>\n<p>\u2022 Data: 21 e 22 de novembro de 2025<\/p>\n<p>\u2022 Hor\u00e1rio: Sexta-feira: 08:00 \u00e0s 17:00; S\u00e1bado: 08:00 \u00e1s 13:00.<\/p>\n<p>\u2022 Local: Via Park, em frente \u00e0 Esta\u00e7\u00e3o Ferrovi\u00e1ria, ao lado do Grande Hotel, Caruaru.<br \/>\nSiga o Instagram @portaledvaldomagalhaes<\/p>\n","protected":false},"excerpt":{"rendered":"<p>Caruaru recebe o projeto &#8220;Sa\u00fade e F\u00e9 em A\u00e7\u00e3o&#8221; com Foco na Preven\u00e7\u00e3o e Promo\u00e7\u00e3o da Sa\u00fade Masculina, sexta-feira (21)&hellip;<\/p>\n","protected":false},"author":1,"featured_media":124819,"comment_status":"closed","ping_status":"open","sticky":false,"template":"","format":"standard","meta":{"footnotes":""},"categories":[14120],"tags":[13146,34634],"class_list":["post-124817","post","type-post","status-publish","format-standard","has-post-thumbnail","hentry","category-noticias","tag-blog-edvaldo-magalhaes","tag-portal-edvaldo-magalhaes"],"_links":{"self":[{"href":"https:\/\/blogdoedvaldomagalhaes.com.br\/index.php\/wp-json\/wp\/v2\/posts\/124817","targetHints":{"allow":["GET"]}}],"collection":[{"href":"https:\/\/blogdoedvaldomagalhaes.com.br\/index.php\/wp-json\/wp\/v2\/posts"}],"about":[{"href":"https:\/\/blogdoedvaldomagalhaes.com.br\/index.php\/wp-json\/wp\/v2\/types\/post"}],"author":[{"embeddable":true,"href":"https:\/\/blogdoedvaldomagalhaes.com.br\/index.php\/wp-json\/wp\/v2\/users\/1"}],"replies":[{"embeddable":true,"href":"https:\/\/blogdoedvaldomagalhaes.com.br\/index.php\/wp-json\/wp\/v2\/comments?post=124817"}],"version-history":[{"count":2,"href":"https:\/\/blogdoedvaldomagalhaes.com.br\/index.php\/wp-json\/wp\/v2\/posts\/124817\/revisions"}],"predecessor-version":[{"id":124821,"href":"https:\/\/blogdoedvaldomagalhaes.com.br\/index.php\/wp-json\/wp\/v2\/posts\/124817\/revisions\/124821"}],"wp:featuredmedia":[{"embeddable":true,"href":"https:\/\/blogdoedvaldomagalhaes.com.br\/index.php\/wp-json\/wp\/v2\/media\/124819"}],"wp:attachment":[{"href":"https:\/\/blogdoedvaldomagalhaes.com.br\/index.php\/wp-json\/wp\/v2\/media?parent=124817"}],"wp:term":[{"taxonomy":"category","embeddable":true,"href":"https:\/\/blogdoedvaldomagalhaes.com.br\/index.php\/wp-json\/wp\/v2\/categories?post=124817"},{"taxonomy":"post_tag","embeddable":true,"href":"https:\/\/blogdoedvaldomagalhaes.com.br\/index.php\/wp-json\/wp\/v2\/tags?post=124817"}],"curies":[{"name":"wp","href":"https:\/\/api.w.org\/{rel}","templated":true}]}}