{"id":124814,"date":"2025-11-18T23:33:22","date_gmt":"2025-11-19T02:33:22","guid":{"rendered":"https:\/\/blogdoedvaldomagalhaes.com.br\/?p=124814"},"modified":"2025-11-18T23:33:22","modified_gmt":"2025-11-19T02:33:22","slug":"governadora-raquel-lyra-lanca-prontuario-eletronico-unificado-de-saude-do-estado-e-anuncia-selo-para-reconhecer-municipios-na-cobertura-vacinal","status":"publish","type":"post","link":"https:\/\/blogdoedvaldomagalhaes.com.br\/index.php\/2025\/11\/18\/governadora-raquel-lyra-lanca-prontuario-eletronico-unificado-de-saude-do-estado-e-anuncia-selo-para-reconhecer-municipios-na-cobertura-vacinal\/","title":{"rendered":"Governadora Raquel Lyra lan\u00e7a prontu\u00e1rio eletr\u00f4nico unificado de sa\u00fade do Estado e anuncia selo para reconhecer munic\u00edpios na cobertura vacinal"},"content":{"rendered":"<p><span style=\"font-size: revert;\">Com investimento em inova\u00e7\u00e3o na sa\u00fade, a governadora Raquel Lyra lan\u00e7ou o prontu\u00e1rio eletr\u00f4nico de sa\u00fade unificado do Estado. A chamada Rede Estadual de Dados em Sa\u00fade (REDS) \u00e9 um sistema que re\u00fane os dados dos prontu\u00e1rios eletr\u00f4nicos existentes em uma \u00fanica plataforma, com todas as informa\u00e7\u00f5es do paciente em rela\u00e7\u00e3o aos dados hospitalares, da m\u00e9dia complexidade e da Aten\u00e7\u00e3o Prim\u00e1ria. A gestora tamb\u00e9m assinou o termo de cria\u00e7\u00e3o do selo Bora Vacinar, iniciativa conjunta com o Minist\u00e9rio P\u00fablico de Pernambuco (MPPE) para estimular a amplia\u00e7\u00e3o da cobertura vacinal nos munic\u00edpios. Os lan\u00e7amentos foram feitos durante a abertura do I Congresso Pernambucano de Inova\u00e7\u00e3o e Integra\u00e7\u00e3o em Sa\u00fade (CPIIS), nesta segunda-feira (17), realizado pela Secretaria Estadual de Sa\u00fade (SES-PE) no Centro de Conven\u00e7\u00f5es, em Olinda.<\/span><\/p>\n<p>\u201cEstamos dando um passo decisivo para fortalecer o SUS em Pernambuco, ampliando o acesso, a qualidade e a integra\u00e7\u00e3o da nossa rede de sa\u00fade. Vamos conectar informa\u00e7\u00f5es essenciais para garantir um cuidado mais \u00e1gil, eficiente e humano. E com o selo Bora Vacinar, em parceria com o Minist\u00e9rio P\u00fablico, queremos mobilizar todos os munic\u00edpios para proteger nossas crian\u00e7as e adolescentes. Estamos construindo, junto com os profissionais de sa\u00fade e com toda a sociedade, um sistema p\u00fablico cada vez mais inovador e integrado\u201d, ressaltou a governadora Raquel Lyra, ao lado da vice-governadora Priscila Krause.<\/p>\n<p>A plataforma REDS, que j\u00e1 est\u00e1 em funcionamento, tem como objetivo conectar e integrar os diferentes sistemas de informa\u00e7\u00e3o em sa\u00fade para ter o hist\u00f3rico completo do paciente, como os locais de atendimento e quais exames foram feitos. O sistema j\u00e1 re\u00fane dados da Aten\u00e7\u00e3o Prim\u00e1ria, M\u00e9dia e Alta Complexidade, congregando informa\u00e7\u00f5es nas Unidades B\u00e1sicas de Sa\u00fade, UPAs, UPAEs e Hospitais da Rede de Aten\u00e7\u00e3o \u00e0 Sa\u00fade em Pernambuco, al\u00e9m de dados dos seis grandes hospitais do Estado (Hospital da Restaura\u00e7\u00e3o, Agamenon Magalh\u00e3es, Ot\u00e1vio de Freitas, Bar\u00e3o de Lucena, Get\u00falio Vargas e Hospital Regional do Agreste).<\/p>\n<p>A secret\u00e1ria de Sa\u00fade de Pernambuco, Zilda Cavalcanti, destacou a import\u00e2ncia das inova\u00e7\u00f5es. \u201cEstamos lan\u00e7ando a REDS, com investimento de R$ 4,5 milh\u00f5es do Governo de Pernambuco para garantir um prontu\u00e1rio unificado. E, junto com o Minist\u00e9rio P\u00fablico de Pernambuco, lan\u00e7amos o selo Bora Vacinar, com intuito de estimular os munic\u00edpios a ampliarem a cobertura vacinal, especialmente das vacinas da primeira inf\u00e2ncia\u201d, disse a titular da pasta.<\/p>\n<p>O selo Bora Vacinar, uma iniciativa do Governo do Estado e do Minist\u00e9rio P\u00fablico de Pernambuco, vai reconhecer os munic\u00edpios que alcan\u00e7arem as melhores coberturas vacinais de crian\u00e7as menores de 1 ano e da faixa et\u00e1ria de 9 a 14 anos, com a aferi\u00e7\u00e3o sendo realizada no primeiro quadrimestre de cada ano. A certifica\u00e7\u00e3o ser\u00e1 em tr\u00eas modalidades. Haver\u00e1 o selo ouro para quem atingir cobertura vacinal igual ou superior a 90% em crian\u00e7as menores de 1 ano para quatro vacinas: inativada contra poliomielite (paralisia infantil), tr\u00edplice viral, pneumoc\u00f3cica 10 (contra pneumonias e meningites causadas pelo Streptococcus pneumoniae), e a pentavalente; o selo prata para quem atingir essa cobertura entre 70% e 89,9%, al\u00e9m do selo Adolescente Protegido, destinado aos que cumprirem a meta de no m\u00ednimo 80% de cobertura na vacina\u00e7\u00e3o contra o HPV na faixa et\u00e1ria entre 9 e 14 anos.<\/p>\n<p>Presente na cerim\u00f4nia, o procurador-geral de Justi\u00e7a de Pernambuco, Jos\u00e9 Paulo Xavier, ressaltou a import\u00e2ncia do lan\u00e7amento do selo Bora Vacinar. \u201c\u00c9 um est\u00edmulo \u00e0 imuniza\u00e7\u00e3o da primeira inf\u00e2ncia e dos adolescentes, atrav\u00e9s da produ\u00e7\u00e3o de selos aos munic\u00edpios pernambucanos que atingirem metas espec\u00edficas\u201d, explicou. Representando o governo federal, o superintendente do Minist\u00e9rio da Sa\u00fade de Pernambuco, Rosano Carvalho, enalteceu o benef\u00edcio do uso das tecnologias na sa\u00fade. \u201cQue a gente possa permitir que essa integra\u00e7\u00e3o e essa tecnologia favore\u00e7am um atendimento digno e humano, e, acima de tudo, sem diferen\u00e7a de cor de pele, de g\u00eanero ou de orienta\u00e7\u00e3o sexual na sa\u00fade. O SUS \u00e9 de todos\u201d, comentou.<\/p>\n<p>Ainda durante a cerim\u00f4nia, foi anunciada oficialmente a implanta\u00e7\u00e3o de uma Intelig\u00eancia Artificial no Hospital da Restaura\u00e7\u00e3o que atua diretamente com as informa\u00e7\u00f5es registradas nos prontu\u00e1rios eletr\u00f4nicos da unidade. A tecnologia auxilia na preven\u00e7\u00e3o de poss\u00edveis erros durante a prescri\u00e7\u00e3o m\u00e9dica, verificando intera\u00e7\u00f5es medicamentosas e identificando contraindica\u00e7\u00f5es espec\u00edficas de cada paciente.<\/p>\n<p>*CONGRESSO* &#8211; O Congresso, que segue at\u00e9 a quarta-feira (19), re\u00fane gestores, profissionais de sa\u00fade, pesquisadores, institui\u00e7\u00f5es parceiras e representantes das 12 Ger\u00eancias Regionais de Sa\u00fade (Geres), sendo um dos maiores espa\u00e7os de constru\u00e7\u00e3o coletiva para o fortalecimento do SUS em Pernambuco. A realiza\u00e7\u00e3o do CPIIS \u00e9 fruto de uma articula\u00e7\u00e3o intersetorial que re\u00fane diversas pastas do Governo do Estado, al\u00e9m de parceiros nacionais e internacionais, como Minist\u00e9rio da Sa\u00fade, Organiza\u00e7\u00e3o Pan-Americana de Sa\u00fade (OPAS\/OMS), universidades e secretarias estaduais de outros entes federativos.<\/p>\n<p>Acompanharam o evento os secret\u00e1rios estaduais Alessandro Carvalho (Defesa Social), Ana Mara\u00edza (Administra\u00e7\u00e3o), Daniel Coelho (Meio Ambiente, Sustentabilidade e Fernando de Noronha), Juliana Gouveia (Mulher), Joanna Figueiredo (Justi\u00e7a, Direitos Humanos e Preven\u00e7\u00e3o \u00e0 Viol\u00eancia) e Renato Cirne (Controlador-geral do Estado); al\u00e9m de Zelma Pessoa, vice-presidente do Conselho de Secret\u00e1rios Municipais de Sa\u00fade de Pernambuco; M\u00e3e F\u00e1tima, vice-presidente do Conselho Estadual de Sa\u00fade; e o prefeito de Salgueiro, Fabinho Lisandro. <span style=\"font-size: revert;\">Foto: \u00a0Hes\u00edodo G\u00f3es\/Secom.<br \/>\nSiga o Instagram @portaledvaldomagalhaes<\/span><\/p>\n","protected":false},"excerpt":{"rendered":"<p>Com investimento em inova\u00e7\u00e3o na sa\u00fade, a governadora Raquel Lyra lan\u00e7ou o prontu\u00e1rio eletr\u00f4nico de sa\u00fade unificado do Estado. A&hellip;<\/p>\n","protected":false},"author":1,"featured_media":124815,"comment_status":"closed","ping_status":"open","sticky":false,"template":"","format":"standard","meta":{"footnotes":""},"categories":[14120],"tags":[13146,20,34634],"class_list":["post-124814","post","type-post","status-publish","format-standard","has-post-thumbnail","hentry","category-noticias","tag-blog-edvaldo-magalhaes","tag-politica","tag-portal-edvaldo-magalhaes"],"_links":{"self":[{"href":"https:\/\/blogdoedvaldomagalhaes.com.br\/index.php\/wp-json\/wp\/v2\/posts\/124814","targetHints":{"allow":["GET"]}}],"collection":[{"href":"https:\/\/blogdoedvaldomagalhaes.com.br\/index.php\/wp-json\/wp\/v2\/posts"}],"about":[{"href":"https:\/\/blogdoedvaldomagalhaes.com.br\/index.php\/wp-json\/wp\/v2\/types\/post"}],"author":[{"embeddable":true,"href":"https:\/\/blogdoedvaldomagalhaes.com.br\/index.php\/wp-json\/wp\/v2\/users\/1"}],"replies":[{"embeddable":true,"href":"https:\/\/blogdoedvaldomagalhaes.com.br\/index.php\/wp-json\/wp\/v2\/comments?post=124814"}],"version-history":[{"count":1,"href":"https:\/\/blogdoedvaldomagalhaes.com.br\/index.php\/wp-json\/wp\/v2\/posts\/124814\/revisions"}],"predecessor-version":[{"id":124816,"href":"https:\/\/blogdoedvaldomagalhaes.com.br\/index.php\/wp-json\/wp\/v2\/posts\/124814\/revisions\/124816"}],"wp:featuredmedia":[{"embeddable":true,"href":"https:\/\/blogdoedvaldomagalhaes.com.br\/index.php\/wp-json\/wp\/v2\/media\/124815"}],"wp:attachment":[{"href":"https:\/\/blogdoedvaldomagalhaes.com.br\/index.php\/wp-json\/wp\/v2\/media?parent=124814"}],"wp:term":[{"taxonomy":"category","embeddable":true,"href":"https:\/\/blogdoedvaldomagalhaes.com.br\/index.php\/wp-json\/wp\/v2\/categories?post=124814"},{"taxonomy":"post_tag","embeddable":true,"href":"https:\/\/blogdoedvaldomagalhaes.com.br\/index.php\/wp-json\/wp\/v2\/tags?post=124814"}],"curies":[{"name":"wp","href":"https:\/\/api.w.org\/{rel}","templated":true}]}}