{"id":124808,"date":"2025-11-18T22:41:21","date_gmt":"2025-11-19T01:41:21","guid":{"rendered":"https:\/\/blogdoedvaldomagalhaes.com.br\/?p=124808"},"modified":"2025-11-18T22:48:43","modified_gmt":"2025-11-19T01:48:43","slug":"vereador-joao-neto-pede-instalacao-de-dispositivos-eletronicos-luminosos-nos-radares-de-velocidade-nas-vias-publicas-de-caruaru","status":"publish","type":"post","link":"https:\/\/blogdoedvaldomagalhaes.com.br\/index.php\/2025\/11\/18\/vereador-joao-neto-pede-instalacao-de-dispositivos-eletronicos-luminosos-nos-radares-de-velocidade-nas-vias-publicas-de-caruaru\/","title":{"rendered":"Vereador Jo\u00e3o Neto pede instala\u00e7\u00e3o de dispositivos eletr\u00f4nicos luminosos nos radares de velocidade nas vias p\u00fablicas de Caruaru"},"content":{"rendered":"<p>Os radares eletr\u00f4nicos desempenham um papel fundamental na seguran\u00e7a vi\u00e1ria e no <span style=\"font-size: revert;\">controle do tr\u00e2nsito, sendo instrumentos essenciais na redu\u00e7\u00e3o de acidentes, especialmente os <\/span><span style=\"font-size: revert;\">causados por excesso de velocidade. A presen\u00e7a desses equipamentos contribui significativamente <\/span><span style=\"font-size: revert;\">para a diminui\u00e7\u00e3o de acidentes fatais e de les\u00f5es graves, al\u00e9m de melhorar a fluidez do tr\u00e1fego.<\/span><\/p>\n<p>O principal objetivo dos radares deve ser a educa\u00e7\u00e3o e a conscientiza\u00e7\u00e3o dos condutores <span style=\"font-size: revert;\">sobre a import\u00e2ncia de respeitar os limites de velocidade e as normas de tr\u00e2nsito no sentido de evitar <\/span><span style=\"font-size: revert;\">acidentes. Para tanto, \u00e9 crucial que os motoristas percebam a presen\u00e7a desses dispositivos, o que <\/span><span style=\"font-size: revert;\">fortalece a ideia de preven\u00e7\u00e3o.<\/span><\/p>\n<p>\u201cA proposta de instala\u00e7\u00e3o de dispositivos eletr\u00f4nicos luminosos nos radares visa aumentar <span style=\"font-size: revert;\">sua visibilidade, garantindo que os condutores tenham tempo e oportunidade para perceber a <\/span><span style=\"font-size: revert;\">presen\u00e7a do radar e, assim, evitar infra\u00e7\u00f5es por falta de observa\u00e7\u00e3o. Al\u00e9m disso, ao tornar os radares <\/span><span style=\"font-size: revert;\">mais vis\u00edveis, estaremos promovendo uma cultura de respeito \u00e0s leis de tr\u00e2nsito e contribuindo para <\/span><span style=\"font-size: revert;\">a conscientiza\u00e7\u00e3o de que a seguran\u00e7a no tr\u00e2nsito depende da responsabilidade de todos\u201d, afirmou o vereador Jo\u00e3o Neto.<\/span><\/p>\n<p>Segundo levantamento realizado pelo instituto de pesquisa econ\u00f4mica aplicada (IPEA) <span style=\"font-size: revert;\">mostrou que, em cidades que implantaram sinaliza\u00e7\u00e3o de radares com luzes intermitentes, a taxa de <\/span><span style=\"font-size: revert;\">infra\u00e7\u00f5es relacionadas a velocidade diminuiu em at\u00e9 40%. <\/span><span style=\"font-size: revert;\">Portanto, a instala\u00e7\u00e3o de dispositivos luminosos nos radares \u00e9 uma medida de grande <\/span><span style=\"font-size: revert;\">import\u00e2ncia para a preven\u00e7\u00e3o de acidentes, pois permite que os motoristas se antecipem, ao mesmo <\/span><span style=\"font-size: revert;\">tempo em que refor\u00e7a a finalidade educativa e preventiva dessas ferramentas. A educa\u00e7\u00e3o nO <\/span><span style=\"font-size: revert;\">tr\u00e2nsito, associada \u00e0 visibilidade aprimorada dos radares, contribuir\u00e1 para um tr\u00e2nsito mais seguro e <\/span><span style=\"font-size: revert;\">consciente. \u00a0\u00a0<br \/>Siga o Instagram @portaledvaldomagalhaes. \u00a0<br \/>Foto: Divulga\u00e7\u00e3o\u00a0<\/span><\/p>\n\n\n<p><\/p>\n","protected":false},"excerpt":{"rendered":"<p>Os radares eletr\u00f4nicos desempenham um papel fundamental na seguran\u00e7a vi\u00e1ria e no controle do tr\u00e2nsito, sendo instrumentos essenciais na redu\u00e7\u00e3o&hellip;<\/p>\n","protected":false},"author":1,"featured_media":124809,"comment_status":"closed","ping_status":"open","sticky":false,"template":"","format":"standard","meta":{"footnotes":""},"categories":[14120],"tags":[13146,20,34634],"class_list":["post-124808","post","type-post","status-publish","format-standard","has-post-thumbnail","hentry","category-noticias","tag-blog-edvaldo-magalhaes","tag-politica","tag-portal-edvaldo-magalhaes"],"_links":{"self":[{"href":"https:\/\/blogdoedvaldomagalhaes.com.br\/index.php\/wp-json\/wp\/v2\/posts\/124808","targetHints":{"allow":["GET"]}}],"collection":[{"href":"https:\/\/blogdoedvaldomagalhaes.com.br\/index.php\/wp-json\/wp\/v2\/posts"}],"about":[{"href":"https:\/\/blogdoedvaldomagalhaes.com.br\/index.php\/wp-json\/wp\/v2\/types\/post"}],"author":[{"embeddable":true,"href":"https:\/\/blogdoedvaldomagalhaes.com.br\/index.php\/wp-json\/wp\/v2\/users\/1"}],"replies":[{"embeddable":true,"href":"https:\/\/blogdoedvaldomagalhaes.com.br\/index.php\/wp-json\/wp\/v2\/comments?post=124808"}],"version-history":[{"count":3,"href":"https:\/\/blogdoedvaldomagalhaes.com.br\/index.php\/wp-json\/wp\/v2\/posts\/124808\/revisions"}],"predecessor-version":[{"id":124813,"href":"https:\/\/blogdoedvaldomagalhaes.com.br\/index.php\/wp-json\/wp\/v2\/posts\/124808\/revisions\/124813"}],"wp:featuredmedia":[{"embeddable":true,"href":"https:\/\/blogdoedvaldomagalhaes.com.br\/index.php\/wp-json\/wp\/v2\/media\/124809"}],"wp:attachment":[{"href":"https:\/\/blogdoedvaldomagalhaes.com.br\/index.php\/wp-json\/wp\/v2\/media?parent=124808"}],"wp:term":[{"taxonomy":"category","embeddable":true,"href":"https:\/\/blogdoedvaldomagalhaes.com.br\/index.php\/wp-json\/wp\/v2\/categories?post=124808"},{"taxonomy":"post_tag","embeddable":true,"href":"https:\/\/blogdoedvaldomagalhaes.com.br\/index.php\/wp-json\/wp\/v2\/tags?post=124808"}],"curies":[{"name":"wp","href":"https:\/\/api.w.org\/{rel}","templated":true}]}}