{"id":124805,"date":"2025-11-18T19:42:16","date_gmt":"2025-11-18T22:42:16","guid":{"rendered":"https:\/\/blogdoedvaldomagalhaes.com.br\/?p=124805"},"modified":"2025-11-18T19:42:16","modified_gmt":"2025-11-18T22:42:16","slug":"anderson-correia-solicita-nucleo-de-celeridade-na-amc-para-garantir-justica-nos-recursos-de-multas","status":"publish","type":"post","link":"https:\/\/blogdoedvaldomagalhaes.com.br\/index.php\/2025\/11\/18\/anderson-correia-solicita-nucleo-de-celeridade-na-amc-para-garantir-justica-nos-recursos-de-multas\/","title":{"rendered":"Anderson Correia solicita N\u00facleo de Celeridade na AMC para garantir justi\u00e7a nos recursos de multas"},"content":{"rendered":"<p>O vereador e pr\u00e9-candidato a deputado estadual Anderson Correia (PP) apresentou, na C\u00e2mara Municipal de Caruaru, um requerimento solicitando que a Autarquia de Mobilidade de Caruaru (AMC) crie um N\u00facleo de Celeridade espec\u00edfico para o processamento e a an\u00e1lise dos recursos de multas de tr\u00e2nsito no munic\u00edpio. A iniciativa tem como objetivo fortalecer a fluidez administrativa do \u00f3rg\u00e3o e assegurar que os cidad\u00e3os tenham seus recursos avaliados com mais rapidez, precis\u00e3o e justi\u00e7a.<\/p>\n<p>Pela proposta, o N\u00facleo de Celeridade atuar\u00e1 para reduzir o ac\u00famulo de processos, padronizar an\u00e1lises e garantir decis\u00f5es mais \u00e1geis, evitando que motoristas aguardem por longos per\u00edodos para obter um retorno sobre seus pedidos. Para o vereador, a medida n\u00e3o apenas otimiza o funcionamento interno da AMC, mas tamb\u00e9m assegura que cada recurso seja analisado com a devida aten\u00e7\u00e3o e imparcialidade, refor\u00e7ando a sensa\u00e7\u00e3o de justi\u00e7a e transpar\u00eancia no julgamento das autua\u00e7\u00f5es.<\/p>\n<p>Correia destaca que modernizar os fluxos internos da AMC significa promover mais efici\u00eancia, evitar atrasos e garantir que o cidad\u00e3o tenha um processo justo e respeitoso. \u201cEssa proposta busca garantir que cada cidad\u00e3o tenha seu recurso analisado com justi\u00e7a e equil\u00edbrio. Acelerar a an\u00e1lise dos processos significa efici\u00eancia, transpar\u00eancia e respeito ao contribuinte\u201d, destacou o parlamentar.<br \/>\nSiga o Instagram @portaledvaldomagalhaes<br \/>\nFoto: Vladimir Barreto <\/p>\n","protected":false},"excerpt":{"rendered":"<p>O vereador e pr\u00e9-candidato a deputado estadual Anderson Correia (PP) apresentou, na C\u00e2mara Municipal de Caruaru, um requerimento solicitando que&hellip;<\/p>\n","protected":false},"author":1,"featured_media":121531,"comment_status":"closed","ping_status":"open","sticky":false,"template":"","format":"standard","meta":{"footnotes":""},"categories":[14122],"tags":[35305,13146,20,34634],"class_list":["post-124805","post","type-post","status-publish","format-standard","has-post-thumbnail","hentry","category-politica","tag-anderson-correia-solicita-nucleo-de-celeridade-na-amc-para-garantir-justica-nos-recursos-de-multas","tag-blog-edvaldo-magalhaes","tag-politica","tag-portal-edvaldo-magalhaes"],"_links":{"self":[{"href":"https:\/\/blogdoedvaldomagalhaes.com.br\/index.php\/wp-json\/wp\/v2\/posts\/124805","targetHints":{"allow":["GET"]}}],"collection":[{"href":"https:\/\/blogdoedvaldomagalhaes.com.br\/index.php\/wp-json\/wp\/v2\/posts"}],"about":[{"href":"https:\/\/blogdoedvaldomagalhaes.com.br\/index.php\/wp-json\/wp\/v2\/types\/post"}],"author":[{"embeddable":true,"href":"https:\/\/blogdoedvaldomagalhaes.com.br\/index.php\/wp-json\/wp\/v2\/users\/1"}],"replies":[{"embeddable":true,"href":"https:\/\/blogdoedvaldomagalhaes.com.br\/index.php\/wp-json\/wp\/v2\/comments?post=124805"}],"version-history":[{"count":1,"href":"https:\/\/blogdoedvaldomagalhaes.com.br\/index.php\/wp-json\/wp\/v2\/posts\/124805\/revisions"}],"predecessor-version":[{"id":124806,"href":"https:\/\/blogdoedvaldomagalhaes.com.br\/index.php\/wp-json\/wp\/v2\/posts\/124805\/revisions\/124806"}],"wp:featuredmedia":[{"embeddable":true,"href":"https:\/\/blogdoedvaldomagalhaes.com.br\/index.php\/wp-json\/wp\/v2\/media\/121531"}],"wp:attachment":[{"href":"https:\/\/blogdoedvaldomagalhaes.com.br\/index.php\/wp-json\/wp\/v2\/media?parent=124805"}],"wp:term":[{"taxonomy":"category","embeddable":true,"href":"https:\/\/blogdoedvaldomagalhaes.com.br\/index.php\/wp-json\/wp\/v2\/categories?post=124805"},{"taxonomy":"post_tag","embeddable":true,"href":"https:\/\/blogdoedvaldomagalhaes.com.br\/index.php\/wp-json\/wp\/v2\/tags?post=124805"}],"curies":[{"name":"wp","href":"https:\/\/api.w.org\/{rel}","templated":true}]}}