{"id":1248,"date":"2018-09-21T21:54:00","date_gmt":"2018-09-22T00:54:00","guid":{"rendered":"http:\/\/blogdoedvaldomagalhaes.com.br\/index.php\/2018\/09\/21\/atropelamento-com-vitima-fatal-e\/"},"modified":"2019-02-09T02:31:48","modified_gmt":"2019-02-09T04:31:48","slug":"atropelamento-com-vitima-fatal-e","status":"publish","type":"post","link":"https:\/\/blogdoedvaldomagalhaes.com.br\/index.php\/2018\/09\/21\/atropelamento-com-vitima-fatal-e\/","title":{"rendered":"Atropelamento com v\u00edtima fatal em Caruaru"},"content":{"rendered":"<div class=\"separator\" style=\"clear: both; text-align: center;\">\n<a href=\"https:\/\/3.bp.blogspot.com\/-vGUKJMef-6I\/W6VoINFEKEI\/AAAAAAAA6ZQ\/z3ojfHRC_3UIYmtsoNUv2q8_S2BGc1PvwCLcBGAs\/s1600\/IMG-20180921-WA0256.jpg\" imageanchor=\"1\" style=\"margin-left: 1em; margin-right: 1em;\"><img loading=\"lazy\" decoding=\"async\" border=\"0\" data-original-height=\"1040\" data-original-width=\"585\" height=\"640\" src=\"http:\/\/blogdoedvaldomagalhaes.com.br\/wp-content\/uploads\/2018\/09\/IMG-20180921-WA0256.jpg\" width=\"360\" \/><\/a><\/div>\n<p><\/p>\n<div class=\"separator\" style=\"clear: both; text-align: center;\">\n<a href=\"https:\/\/2.bp.blogspot.com\/-pBAZ1kAK6xo\/W6VoKv1d6cI\/AAAAAAAA6ZU\/C5iOFPcVvYASGL9Z0wMdUiJ78u5NCX_SQCLcBGAs\/s1600\/IMG-20180921-WA0255.jpg\" imageanchor=\"1\" style=\"margin-left: 1em; margin-right: 1em;\"><img loading=\"lazy\" decoding=\"async\" border=\"0\" data-original-height=\"1040\" data-original-width=\"585\" height=\"640\" src=\"http:\/\/blogdoedvaldomagalhaes.com.br\/wp-content\/uploads\/2018\/09\/IMG-20180921-WA0255.jpg\" width=\"360\" \/><\/a><\/div>\n<p><\/p>\n<div class=\"separator\" style=\"clear: both; text-align: center;\">\n<a href=\"https:\/\/4.bp.blogspot.com\/-7sIcQzb9wcI\/W6VoO5dxlbI\/AAAAAAAA6ZY\/oaePEvWXyXM4fM8znMoRUp9QwWJQBQQ6ACLcBGAs\/s1600\/IMG-20180921-WA0257.jpg\" imageanchor=\"1\" style=\"margin-left: 1em; margin-right: 1em;\"><img loading=\"lazy\" decoding=\"async\" border=\"0\" data-original-height=\"1040\" data-original-width=\"585\" height=\"640\" src=\"http:\/\/blogdoedvaldomagalhaes.com.br\/wp-content\/uploads\/2018\/09\/IMG-20180921-WA0257.jpg\" width=\"360\" \/><\/a><\/div>\n<div class=\"separator\" style=\"clear: both; text-align: center;\">\n<\/div>\n<div class=\"separator\" style=\"clear: both; text-align: center;\">\n<a href=\"https:\/\/4.bp.blogspot.com\/-I0nphwKTw1M\/W6Vqktuk8dI\/AAAAAAAA6Z0\/y18k_17TnK41sxK_G9pCEfWsShTVIQtTwCLcBGAs\/s1600\/bici.jpg\" imageanchor=\"1\" style=\"margin-left: 1em; margin-right: 1em;\"><img loading=\"lazy\" decoding=\"async\" border=\"0\" data-original-height=\"180\" data-original-width=\"320\" height=\"360\" src=\"http:\/\/blogdoedvaldomagalhaes.com.br\/wp-content\/uploads\/2018\/09\/bici.jpg\" width=\"640\" \/><\/a><\/div>\n<div class=\"separator\" style=\"clear: both; text-align: center;\">\nFotos: Renan da Funer\u00e1ria<\/div>\n<p><\/p>\n<div class=\"separator\" style=\"clear: both; text-align: center;\">\n<\/div>\n<div style=\"text-align: justify;\">\nO acidente de tr\u00e2nsito aconteceu na noite desta sexta-feira (21), na via local da BR-104, na ponte entre o viaduto do bairro Caiuc\u00e1 e o Terminal Rodovi\u00e1rio. A v\u00edtima foi identificada por Ant\u00f4nio Juv\u00eancio de Lima, 46 anos, conhecida por Zumba, trabalhava na Ceaca, mas era do povoado de Batateira, em Bel\u00e9m de Maria. De acordo com o motorista do caminh\u00e3o, que permanece no local, a v\u00edtima estava em uma bicicleta quando se desequilibrou&nbsp; e bateu na traseira do caminh\u00e3o.&nbsp;<\/p>\n<p><\/p>\n<div class=\"separator\" style=\"clear: both; text-align: center;\">\n<a href=\"https:\/\/3.bp.blogspot.com\/-Lt_sO6PyIFQ\/W6V-WDVLWRI\/AAAAAAAA6aA\/dj1IpqRNJtco5K2Mpk0L0NqF8rt9jqUkACLcBGAs\/s1600\/acidente.jpg\" imageanchor=\"1\" style=\"margin-left: 1em; margin-right: 1em;\"><img loading=\"lazy\" decoding=\"async\" border=\"0\" data-original-height=\"281\" data-original-width=\"500\" height=\"354\" src=\"http:\/\/blogdoedvaldomagalhaes.com.br\/wp-content\/uploads\/2018\/09\/acidente.jpg\" width=\"640\" \/><\/a><\/div>\n<div class=\"separator\" style=\"clear: both; text-align: center;\">\n<\/div>\n<div class=\"separator\" style=\"clear: both; text-align: center;\">\n<a href=\"https:\/\/2.bp.blogspot.com\/-Q22H3-a-YLU\/W6WPF7cTLiI\/AAAAAAAA6ao\/B0BtW_9_QQk0aIXioIKqH4JM-FYji5H_gCLcBGAs\/s1600\/IMG-20180921-WA0091.jpg\" imageanchor=\"1\" style=\"margin-left: 1em; margin-right: 1em;\"><img loading=\"lazy\" decoding=\"async\" border=\"0\" data-original-height=\"903\" data-original-width=\"494\" height=\"640\" src=\"http:\/\/blogdoedvaldomagalhaes.com.br\/wp-content\/uploads\/2018\/09\/IMG-20180921-WA0091.jpg\" width=\"350\" \/><\/a><\/div>\n<p><\/div>\n","protected":false},"excerpt":{"rendered":"<p>Fotos: Renan da Funer\u00e1ria O acidente de tr\u00e2nsito aconteceu na noite desta sexta-feira (21), na via local da BR-104, na&hellip;<\/p>\n","protected":false},"author":1,"featured_media":0,"comment_status":"open","ping_status":"open","sticky":false,"template":"","format":"standard","meta":{"footnotes":""},"categories":[1],"tags":[1205,2,6],"class_list":["post-1248","post","type-post","status-publish","format-standard","hentry","category-sem-categoria","tag-atropelamento-com-vitima-fatal-em-caruaru","tag-blog-do-edvaldo-magalhaes","tag-noticias"],"_links":{"self":[{"href":"https:\/\/blogdoedvaldomagalhaes.com.br\/index.php\/wp-json\/wp\/v2\/posts\/1248","targetHints":{"allow":["GET"]}}],"collection":[{"href":"https:\/\/blogdoedvaldomagalhaes.com.br\/index.php\/wp-json\/wp\/v2\/posts"}],"about":[{"href":"https:\/\/blogdoedvaldomagalhaes.com.br\/index.php\/wp-json\/wp\/v2\/types\/post"}],"author":[{"embeddable":true,"href":"https:\/\/blogdoedvaldomagalhaes.com.br\/index.php\/wp-json\/wp\/v2\/users\/1"}],"replies":[{"embeddable":true,"href":"https:\/\/blogdoedvaldomagalhaes.com.br\/index.php\/wp-json\/wp\/v2\/comments?post=1248"}],"version-history":[{"count":1,"href":"https:\/\/blogdoedvaldomagalhaes.com.br\/index.php\/wp-json\/wp\/v2\/posts\/1248\/revisions"}],"predecessor-version":[{"id":34246,"href":"https:\/\/blogdoedvaldomagalhaes.com.br\/index.php\/wp-json\/wp\/v2\/posts\/1248\/revisions\/34246"}],"wp:attachment":[{"href":"https:\/\/blogdoedvaldomagalhaes.com.br\/index.php\/wp-json\/wp\/v2\/media?parent=1248"}],"wp:term":[{"taxonomy":"category","embeddable":true,"href":"https:\/\/blogdoedvaldomagalhaes.com.br\/index.php\/wp-json\/wp\/v2\/categories?post=1248"},{"taxonomy":"post_tag","embeddable":true,"href":"https:\/\/blogdoedvaldomagalhaes.com.br\/index.php\/wp-json\/wp\/v2\/tags?post=1248"}],"curies":[{"name":"wp","href":"https:\/\/api.w.org\/{rel}","templated":true}]}}