{"id":124799,"date":"2025-11-18T18:38:41","date_gmt":"2025-11-18T21:38:41","guid":{"rendered":"https:\/\/blogdoedvaldomagalhaes.com.br\/?p=124799"},"modified":"2025-11-18T18:47:30","modified_gmt":"2025-11-18T21:47:30","slug":"suspeito-de-matar-jovem-e-preso-em-flagrante-e-acusa-a-mae-da-vitima-como-mandante-por-causa-de-heranca","status":"publish","type":"post","link":"https:\/\/blogdoedvaldomagalhaes.com.br\/index.php\/2025\/11\/18\/suspeito-de-matar-jovem-e-preso-em-flagrante-e-acusa-a-mae-da-vitima-como-mandante-por-causa-de-heranca\/","title":{"rendered":"Suspeito de matar jovem \u00e9 preso em flagrante, e acusa a m\u00e3e da v\u00edtima como mandante, por causa de heran\u00e7a"},"content":{"rendered":"<p>A Pol\u00edcia Civil prendeu em flagrante o suspeito de matar a jovem Allani Rayane Santos, 24 anos, dentro de casa dela na Rua do Pinheiro, no Loteamento Neusa Garcia, bairro Luiz Gonzaga. A v\u00edtima foi encontrada dentro do quarto, com perfura\u00e7\u00f5es a faca, onde foi brutalmente espancada, torturada, amorda\u00e7ada e amarrada. O suspeito acusou a m\u00e3e da v\u00edtima como sendo a mandante do crime, por causa de heran\u00e7a. A genitora negou.<\/p>\n<p>Este foi o 7\u00ba homic\u00eddio deste m\u00eas de novembro em Caruaru. Este ano, mataram no munic\u00edpio 88 pessoas.<\/p>\n","protected":false},"excerpt":{"rendered":"<p>A Pol\u00edcia Civil prendeu em flagrante o suspeito de matar a jovem Allani Rayane Santos, 24 anos, dentro de casa&hellip;<\/p>\n","protected":false},"author":1,"featured_media":124800,"comment_status":"closed","ping_status":"open","sticky":false,"template":"","format":"standard","meta":{"footnotes":""},"categories":[14121],"tags":[13146,5448,34634,35304],"class_list":["post-124799","post","type-post","status-publish","format-standard","has-post-thumbnail","hentry","category-policial","tag-blog-edvaldo-magalhaes","tag-homicidio","tag-portal-edvaldo-magalhaes","tag-suspeito-de-matar-jovem-e-preso-em-flagrante-e-acusa-a-mae-da-vitima-como-mandante-por-causa-de-heranca"],"_links":{"self":[{"href":"https:\/\/blogdoedvaldomagalhaes.com.br\/index.php\/wp-json\/wp\/v2\/posts\/124799","targetHints":{"allow":["GET"]}}],"collection":[{"href":"https:\/\/blogdoedvaldomagalhaes.com.br\/index.php\/wp-json\/wp\/v2\/posts"}],"about":[{"href":"https:\/\/blogdoedvaldomagalhaes.com.br\/index.php\/wp-json\/wp\/v2\/types\/post"}],"author":[{"embeddable":true,"href":"https:\/\/blogdoedvaldomagalhaes.com.br\/index.php\/wp-json\/wp\/v2\/users\/1"}],"replies":[{"embeddable":true,"href":"https:\/\/blogdoedvaldomagalhaes.com.br\/index.php\/wp-json\/wp\/v2\/comments?post=124799"}],"version-history":[{"count":3,"href":"https:\/\/blogdoedvaldomagalhaes.com.br\/index.php\/wp-json\/wp\/v2\/posts\/124799\/revisions"}],"predecessor-version":[{"id":124804,"href":"https:\/\/blogdoedvaldomagalhaes.com.br\/index.php\/wp-json\/wp\/v2\/posts\/124799\/revisions\/124804"}],"wp:featuredmedia":[{"embeddable":true,"href":"https:\/\/blogdoedvaldomagalhaes.com.br\/index.php\/wp-json\/wp\/v2\/media\/124800"}],"wp:attachment":[{"href":"https:\/\/blogdoedvaldomagalhaes.com.br\/index.php\/wp-json\/wp\/v2\/media?parent=124799"}],"wp:term":[{"taxonomy":"category","embeddable":true,"href":"https:\/\/blogdoedvaldomagalhaes.com.br\/index.php\/wp-json\/wp\/v2\/categories?post=124799"},{"taxonomy":"post_tag","embeddable":true,"href":"https:\/\/blogdoedvaldomagalhaes.com.br\/index.php\/wp-json\/wp\/v2\/tags?post=124799"}],"curies":[{"name":"wp","href":"https:\/\/api.w.org\/{rel}","templated":true}]}}