{"id":124794,"date":"2025-11-18T17:53:59","date_gmt":"2025-11-18T20:53:59","guid":{"rendered":"https:\/\/blogdoedvaldomagalhaes.com.br\/?p=124794"},"modified":"2025-11-18T17:53:59","modified_gmt":"2025-11-18T20:53:59","slug":"vereador-junior-letal-realiza-visita-produtiva-a-secretaria-de-assistencia-social-e-combate-a-fome-de-caruaru","status":"publish","type":"post","link":"https:\/\/blogdoedvaldomagalhaes.com.br\/index.php\/2025\/11\/18\/vereador-junior-letal-realiza-visita-produtiva-a-secretaria-de-assistencia-social-e-combate-a-fome-de-caruaru\/","title":{"rendered":"Vereador J\u00fanior Letal realiza visita produtiva \u00e0 Secretaria de Assist\u00eancia Social e Combate \u00e0 Fome de Caruaru"},"content":{"rendered":"<p>Na tarde desta ter\u00e7a-feira (18.11), o vereador J\u00fanior Letal participou de uma visita institucional \u00e0 Secretaria de Assist\u00eancia Social e Combate \u00e0 Fome, onde foi recebido pela secret\u00e1ria Katiuska. A reuni\u00e3o teve como foco o fortalecimento das pol\u00edticas sociais do munic\u00edpio e o desenvolvimento de a\u00e7\u00f5es que beneficiem diretamente as fam\u00edlias caruaruenses.<\/p>\n<p>O encontro contou tamb\u00e9m com a presen\u00e7a da presidente do Centro Social Comunit\u00e1rio Caruaru, Lylian Galindo, e da lideran\u00e7a comunit\u00e1ria Dona Jane da Sa\u00fade, que contribu\u00edram com importantes relatos e experi\u00eancias do trabalho social realizado nos bairros.<\/p>\n<p>Em um bate-papo descontra\u00eddo, produtivo e de muita troca de ideias, foram discutidos projetos sociais j\u00e1 existentes e novas propostas que podem ampliar o atendimento \u00e0 popula\u00e7\u00e3o mais vulner\u00e1vel da cidade. O vereador destacou a import\u00e2ncia da parceria entre o poder p\u00fablico e as entidades sociais para seguir avan\u00e7ando nas pol\u00edticas de assist\u00eancia.<\/p>\n<p>\u201cEstamos aqui para somar, ouvir e construir solu\u00e7\u00f5es que melhorem a vida do povo de Caruaru\u201d, ressaltou o vereador J\u00fanior Letal.<\/p>\n<p>A visita reafirma o compromisso do mandato com o social e com o fortalecimento das a\u00e7\u00f5es que combatem a fome, promovem dignidade e garantem mais oportunidades para quem mais precisa. Foto: Divulga\u00e7\u00e3o<br \/>\nSeja seguidor do Instagram @portaledvaldomagalhaes<\/p>\n","protected":false},"excerpt":{"rendered":"<p>Na tarde desta ter\u00e7a-feira (18.11), o vereador J\u00fanior Letal participou de uma visita institucional \u00e0 Secretaria de Assist\u00eancia Social e&hellip;<\/p>\n","protected":false},"author":1,"featured_media":124795,"comment_status":"closed","ping_status":"open","sticky":false,"template":"","format":"standard","meta":{"footnotes":""},"categories":[14122],"tags":[13146,20,34634,35302],"class_list":["post-124794","post","type-post","status-publish","format-standard","has-post-thumbnail","hentry","category-politica","tag-blog-edvaldo-magalhaes","tag-politica","tag-portal-edvaldo-magalhaes","tag-vereador-junior-letal-realiza-visita-produtiva-a-secretaria-de-assistencia-social-e-combate-a-fome-de-caruaru"],"_links":{"self":[{"href":"https:\/\/blogdoedvaldomagalhaes.com.br\/index.php\/wp-json\/wp\/v2\/posts\/124794","targetHints":{"allow":["GET"]}}],"collection":[{"href":"https:\/\/blogdoedvaldomagalhaes.com.br\/index.php\/wp-json\/wp\/v2\/posts"}],"about":[{"href":"https:\/\/blogdoedvaldomagalhaes.com.br\/index.php\/wp-json\/wp\/v2\/types\/post"}],"author":[{"embeddable":true,"href":"https:\/\/blogdoedvaldomagalhaes.com.br\/index.php\/wp-json\/wp\/v2\/users\/1"}],"replies":[{"embeddable":true,"href":"https:\/\/blogdoedvaldomagalhaes.com.br\/index.php\/wp-json\/wp\/v2\/comments?post=124794"}],"version-history":[{"count":1,"href":"https:\/\/blogdoedvaldomagalhaes.com.br\/index.php\/wp-json\/wp\/v2\/posts\/124794\/revisions"}],"predecessor-version":[{"id":124796,"href":"https:\/\/blogdoedvaldomagalhaes.com.br\/index.php\/wp-json\/wp\/v2\/posts\/124794\/revisions\/124796"}],"wp:featuredmedia":[{"embeddable":true,"href":"https:\/\/blogdoedvaldomagalhaes.com.br\/index.php\/wp-json\/wp\/v2\/media\/124795"}],"wp:attachment":[{"href":"https:\/\/blogdoedvaldomagalhaes.com.br\/index.php\/wp-json\/wp\/v2\/media?parent=124794"}],"wp:term":[{"taxonomy":"category","embeddable":true,"href":"https:\/\/blogdoedvaldomagalhaes.com.br\/index.php\/wp-json\/wp\/v2\/categories?post=124794"},{"taxonomy":"post_tag","embeddable":true,"href":"https:\/\/blogdoedvaldomagalhaes.com.br\/index.php\/wp-json\/wp\/v2\/tags?post=124794"}],"curies":[{"name":"wp","href":"https:\/\/api.w.org\/{rel}","templated":true}]}}