{"id":124791,"date":"2025-11-18T17:45:57","date_gmt":"2025-11-18T20:45:57","guid":{"rendered":"https:\/\/blogdoedvaldomagalhaes.com.br\/?p=124791"},"modified":"2025-11-18T17:48:55","modified_gmt":"2025-11-18T20:48:55","slug":"espetaculo-musical-encantado-adonay-celebra-dia-da-consciencia-negra-com-show-gratuito-em-caruaru","status":"publish","type":"post","link":"https:\/\/blogdoedvaldomagalhaes.com.br\/index.php\/2025\/11\/18\/espetaculo-musical-encantado-adonay-celebra-dia-da-consciencia-negra-com-show-gratuito-em-caruaru\/","title":{"rendered":"Espet\u00e1culo musical \u2018Encantado Adonay\u2019 celebra Dia da Consci\u00eancia Negra com show gratuito em Caruaru"},"content":{"rendered":"<p>_Reunindo can\u00e7\u00f5es e poemas autorais, a apresenta\u00e7\u00e3o acontece nesta quarta-feira (19)_<\/p>\n<p>Com can\u00e7\u00f5es e poemas autorais, o espet\u00e1culo musical \u2018Encantado Adonay\u2019 ter\u00e1 uma nova apresenta\u00e7\u00e3o gratuita em Caruaru nesta quarta-feira (16). Celebrando a resist\u00eancia e a arte preta, o show ter\u00e1 in\u00edcio \u00e0s 15h, no Teatro Rui Limeira Rosal, no Sesc Caruaru. Na quinta (20), o espet\u00e1culo, que j\u00e1 passou por Santa Cruz do Capibaribe e Surubim, chega tamb\u00e9m a Bezerros.<\/p>\n<p>Esta nova etapa de circula\u00e7\u00e3o representa uma continuidade do projeto realizado em Caruaru no \u00faltimo ano, que levou o espet\u00e1culo para zonas rurais e comunidades perif\u00e9ricas da Capital do Agreste. Agora, com novas m\u00fasicas e uma nova forma\u00e7\u00e3o de banda, a apresenta\u00e7\u00e3o aprofunda sua express\u00e3o musical, atravessando ritmos da cultura popular e negra, como samba de coco, ciranda, forr\u00f3, maracatu e afox\u00e9.<\/p>\n<p>No palco, o cantor e compositor Rosberg Adonay se une a Karol Maciel (sanfona), Nino Alves (percuss\u00e3o) e Valdemar Neto (viol\u00e3o e dire\u00e7\u00e3o musical) para compor uma experi\u00eancia sensorial e coletiva. Em Caruaru, o show contar\u00e1 com a participa\u00e7\u00e3o especial do grupo de dan\u00e7a P\u00e9rolas Negras, formado por familiares e brincantes do Boi Tira-Teima, reconhecido como Patrim\u00f4nio Vivo da Cultura Pernambucana. <\/p>\n<p>O projeto tamb\u00e9m refor\u00e7a seu compromisso com a acessibilidade, incorporando Libras e audiodescri\u00e7\u00e3o como elementos integrados ao espet\u00e1culo, dialogando com o p\u00fablico de forma sens\u00edvel e po\u00e9tica.<\/p>\n<p>O espet\u00e1culo \u00e9 contemplado pela Pol\u00edtica Nacional Aldir Blanc (PNAB), por meio do edital de multilinguagens da Secretaria de Cultura de Pernambuco, com incentivo do Minist\u00e9rio da Cultura \u2013 Governo Federal, e conta com o apoio de Casa 8, Reduto Coletivo, Sesc Caruaru, AFABE Bezerros, MST &#8211; Movimento dos Trabalhadores Sem Terra, Grupo de dan\u00e7a P\u00e9rolas Negras, Ponto de Cultura Boi Tira Teima, Festival Canto da Patativa e Trupe Veja Bem Meu Bem. Foto: Divulga\u00e7\u00e3o<br \/>\nSiga o Instagram @portaledvaldomagalhaes<\/p>\n","protected":false},"excerpt":{"rendered":"<p>_Reunindo can\u00e7\u00f5es e poemas autorais, a apresenta\u00e7\u00e3o acontece nesta quarta-feira (19)_ Com can\u00e7\u00f5es e poemas autorais, o espet\u00e1culo musical \u2018Encantado&hellip;<\/p>\n","protected":false},"author":1,"featured_media":124793,"comment_status":"closed","ping_status":"open","sticky":false,"template":"","format":"standard","meta":{"footnotes":""},"categories":[14120],"tags":[13146,35301,34634],"class_list":["post-124791","post","type-post","status-publish","format-standard","has-post-thumbnail","hentry","category-noticias","tag-blog-edvaldo-magalhaes","tag-espetaculo-musical-encantado-adonay-celebra-dia-da-consciencia-negra-com-show-gratuito-em-caruaru","tag-portal-edvaldo-magalhaes"],"_links":{"self":[{"href":"https:\/\/blogdoedvaldomagalhaes.com.br\/index.php\/wp-json\/wp\/v2\/posts\/124791","targetHints":{"allow":["GET"]}}],"collection":[{"href":"https:\/\/blogdoedvaldomagalhaes.com.br\/index.php\/wp-json\/wp\/v2\/posts"}],"about":[{"href":"https:\/\/blogdoedvaldomagalhaes.com.br\/index.php\/wp-json\/wp\/v2\/types\/post"}],"author":[{"embeddable":true,"href":"https:\/\/blogdoedvaldomagalhaes.com.br\/index.php\/wp-json\/wp\/v2\/users\/1"}],"replies":[{"embeddable":true,"href":"https:\/\/blogdoedvaldomagalhaes.com.br\/index.php\/wp-json\/wp\/v2\/comments?post=124791"}],"version-history":[{"count":1,"href":"https:\/\/blogdoedvaldomagalhaes.com.br\/index.php\/wp-json\/wp\/v2\/posts\/124791\/revisions"}],"predecessor-version":[{"id":124792,"href":"https:\/\/blogdoedvaldomagalhaes.com.br\/index.php\/wp-json\/wp\/v2\/posts\/124791\/revisions\/124792"}],"wp:featuredmedia":[{"embeddable":true,"href":"https:\/\/blogdoedvaldomagalhaes.com.br\/index.php\/wp-json\/wp\/v2\/media\/124793"}],"wp:attachment":[{"href":"https:\/\/blogdoedvaldomagalhaes.com.br\/index.php\/wp-json\/wp\/v2\/media?parent=124791"}],"wp:term":[{"taxonomy":"category","embeddable":true,"href":"https:\/\/blogdoedvaldomagalhaes.com.br\/index.php\/wp-json\/wp\/v2\/categories?post=124791"},{"taxonomy":"post_tag","embeddable":true,"href":"https:\/\/blogdoedvaldomagalhaes.com.br\/index.php\/wp-json\/wp\/v2\/tags?post=124791"}],"curies":[{"name":"wp","href":"https:\/\/api.w.org\/{rel}","templated":true}]}}